{"id":335,"date":"2025-02-01T22:34:32","date_gmt":"2025-02-01T19:34:32","guid":{"rendered":"http:\/\/vangoluhaber.com\/?p=335"},"modified":"2025-02-01T22:34:32","modified_gmt":"2025-02-01T19:34:32","slug":"van-tsoda-kosgeb-destekleri-anlatildi","status":"publish","type":"post","link":"http:\/\/vangoluhaber.com\/index.php\/2025\/02\/01\/van-tsoda-kosgeb-destekleri-anlatildi\/","title":{"rendered":"Van TSO\u2019da KOSGEB destekleri anlat\u0131ld\u0131"},"content":{"rendered":"<p>Van Ticaret ve Sanayi Odas\u0131 (Van TSO) ile K\u00fc\u00e7\u00fck ve Orta \u00d6l\u00e7ekli \u0130\u015fletmeleri Geli\u015ftirme ve Destekleme \u0130daresi Ba\u015fkanl\u0131\u011f\u0131 (KOSGEB) Van \u0130l M\u00fcd\u00fcrl\u00fc\u011f\u00fc i\u015fbirli\u011finde \u201cKOSGEB Destekleri Bilgilendirme Program\u0131\u201d d\u00fczenlendi.<\/p>\n<p>&nbsp;<\/p>\n<p>KOSGEB \u0130l M\u00fcd\u00fcrl\u00fc\u011f\u00fc yetkilileri taraf\u0131ndan Dijital D\u00f6n\u00fc\u015f\u00fcm ve Kapasite Geli\u015ftirme Destek Program\u0131 hakk\u0131nda bilgiler verilen programda konu\u015fan Van TSO Ba\u015fkan\u0131 Necdet Takva, \u0130l M\u00fcd\u00fcrl\u00fc\u011f\u00fc ile yap\u0131lan i\u015fbirli\u011fi kapsam\u0131nda Dijital D\u00f6n\u00fc\u015f\u00fcm ve Kapasite Geli\u015ftirme Destek Program\u0131\u2019n\u0131n d\u00fczenlendi\u011fini s\u00f6yledi. Takva, \u201cAnlat\u0131lan destekler olduk\u00e7a \u00f6nemli. Muhakkak ki KOSGEB\u2019i ziyaret edin ve gerek bug\u00fcn anlat\u0131lan destekler gerekse di\u011fer destekler hakk\u0131nda detayl\u0131 bilgiler alman\u0131z\u0131 \u00f6neririm. KOSGEB\u2019in kap\u0131s\u0131 her zaman a\u00e7\u0131kt\u0131r, eri\u015filemez, ula\u015f\u0131lamaz de\u011fil. Bu kurumlar hepimizin. \u0130l M\u00fcd\u00fcr\u00fcm\u00fcz Emre Bey ve di\u011fer \u00e7al\u0131\u015fan arkada\u015flar\u0131m\u0131za istedi\u011finiz zaman ula\u015fabilirsiniz. Onlarda size gerekli t\u00fcm bilgileri payla\u015facaklard\u0131r. Bulmak istiyorsan\u0131z, aramal\u0131s\u0131n\u0131z-gitmelisiniz. Van Ticaret ve Sanayi Odas\u0131 olarak zaman zaman destek veren kurumlar\u0131m\u0131z ile birlikte b\u00f6ylesi bilgilendirme toplant\u0131lar\u0131 yap\u0131yoruz. \u00dcyelerimizi, yat\u0131r\u0131m\u0131 olan ve yat\u0131r\u0131m yapmak isteyen insanlar\u0131m\u0131z\u0131 bilgilendirmeye \u00e7al\u0131\u015f\u0131yoruz\u201d dedi.<\/p>\n<p>&nbsp;<\/p>\n<p>\u201cKurumsal kapasitemizi art\u0131rmak ad\u0131na daha \u00e7ok kaynaktan faydalanmam\u0131z gerekiyor\u201d diyen Takva, konu\u015fmas\u0131n\u0131 \u015f\u00f6yle s\u00fcrd\u00fcrd\u00fc:<\/p>\n<p>&nbsp;<\/p>\n<p>\u201cBizim \u015fehrimiz T\u00fcrkiye\u2019deki t\u00fcm \u015fehirlerden daha fazla bu kaynaklar\u0131 kullanmas\u0131 gerekiyor. \u00c7\u00fcnk\u00fc biz kaynak kullan\u0131m\u0131 konusunda arif ve yetenekli bir \u015fehir de\u011filiz. O y\u00fczden KOSGEB, DAKA, TKDK, Tar\u0131m ve Orman M\u00fcd\u00fcrl\u00fc\u011f\u00fc gibi kurumlar bizim i\u00e7in bir f\u0131rsat. Buradaki uzmanlar, ba\u015fkanlar ve m\u00fcd\u00fcrlerde bizimle uyum i\u00e7inde \u00e7al\u0131\u015fmakta. Yeni i\u015f yeri a\u00e7mak isteyen ve i\u015fletmesini b\u00fcy\u00fctmek isteyen KOB\u0130\u2019lerimizin her zamana yan\u0131ndalar. Bunun da \u015fahidiyiz.\u201d<\/p>\n<p>&nbsp;<\/p>\n<p>Programda konu\u015fan KOSGEB Van \u0130l M\u00fcd\u00fcr\u00fc Bilal Emre Y\u00f6r\u00fck ise Van Ticaret ve Sanayi Odas\u0131n\u0131n \u00e7ok \u00f6nemli bir payda\u015f oldu\u011funu belirterek, \u201cKap\u0131lar\u0131 sonuna kadar bizlere a\u00e7\u0131kt\u0131r. Bug\u00fcnde o \u00f6nemli payda\u015fl\u0131\u011f\u0131n ve i\u015fbirli\u011finin sonucu olarak bir araday\u0131z. K\u00fcresel ekonomide rekabet g\u00fcc\u00fcm\u00fcz\u00fc art\u0131rmak, \u00e7a\u011f\u0131n gerekliliklerine ayak uydurabilmek ve s\u00fcrd\u00fcr\u00fclebilir b\u00fcy\u00fcmeyi sa\u011flamak i\u00e7in KOB\u0130\u2019lerimizin geli\u015fimi, \u00e7ok b\u00fcy\u00fck bir \u00f6nem arz etmektedir. Bu meyanda, KOSGEB olarak sundu\u011fumuz destek programlar\u0131m\u0131z ile KOB\u0130\u2019lerimizin verimlili\u011fini, \u00fcretimini, pazar b\u00fcy\u00fckl\u00fc\u011f\u00fcn\u00fc, kurumsal kapasitelerini ve dijitalle\u015fme s\u00fcre\u00e7lerini h\u0131zland\u0131rmay\u0131 hedefliyoruz. Dijital d\u00f6n\u00fc\u015f\u00fcm, art\u0131k yaln\u0131zca bir teknoloji meselesi de\u011fil; ayn\u0131 zamanda i\u015f yapma bi\u00e7imimizi, \u00fcretim s\u00fcre\u00e7lerimizi ve m\u00fc\u015fteri ili\u015fkilerimizi de k\u00f6kten de\u011fi\u015ftiren bir d\u00f6n\u00fc\u015f\u00fcm s\u00fcrecidir. Bu noktada da i\u015fletmelerimizin teknolojiye uyum sa\u011flamalar\u0131, i\u015f s\u00fcre\u00e7lerini daha verimli hale getirmeleri ve k\u00fcresel pazarlarda daha rekabet\u00e7i bir duruma gelmeleri i\u00e7in dijitalle\u015fmeyi ve kapasite art\u0131rmay\u0131 bir f\u0131rsat olarak de\u011ferlendiriyoruz. Bu vesileyle, KOSGEB\u2019in destek programlar\u0131n\u0131 sizlerle daha yak\u0131ndan payla\u015farak, i\u015fletmelerimizin potansiyellerini daha ileri ta\u015f\u0131malar\u0131na yard\u0131mc\u0131 olmay\u0131 hedefliyoruz. Bu programlar\u0131n, sadece Van i\u00e7in de\u011fil, t\u00fcm b\u00f6lgemiz i\u00e7in ekonomik kalk\u0131nmaya g\u00fc\u00e7l\u00fc bir katk\u0131 sa\u011flayaca\u011f\u0131na olan inanc\u0131m\u0131z tamd\u0131r\u201d \u015feklinde konu\u015ftu.<\/p>\n<p>&nbsp;<\/p>\n<p>Program soru-cevap b\u00f6l\u00fcm\u00fc ile tamamlanan programa; Van TSO Y\u00f6netim Kurulu Ba\u015fkan\u0131 Necdet Takva, KOSGEB \u0130l M\u00fcd\u00fcr\u00fc Bilal Emre Y\u00f6r\u00fck, Van TSO Y\u00f6netim Kurulu \u00dcyesi Mahmut K\u00f6ro\u011flu, Van TSO Meclis Ba\u015fkan Yard\u0131mc\u0131s\u0131 Faruk Alt\u0131nal, Van TSO meclis \u00fcyeleri, Kad\u0131n Giri\u015fimciler Kurulu Ba\u015fkan\u0131 Semra Odaba\u015f\u0131 ve kurul \u00fcyeleri, Gen\u00e7 Giri\u015fimciler Kurulu Ba\u015fkan\u0131 \u00dcmit Can Sari ve kurul \u00fcyeleri, Van TSO Y\u00fcksek \u0130sti\u015fare Kurulu \u00dcyeleri, oda organ \u00fcyeleri ve \u00e7ok say\u0131da KOB\u0130 kat\u0131ld\u0131.<\/p>\n","protected":false},"excerpt":{"rendered":"<p>Van Ticaret ve Sanayi Odas\u0131 (Van TSO) ile K\u00fc\u00e7\u00fck ve Orta \u00d6l\u00e7ekli \u0130\u015fletmeleri Geli\u015ftirme ve Destekleme \u0130daresi Ba\u015fkanl\u0131\u011f\u0131 (KOSGEB) Van \u0130l M\u00fcd\u00fcrl\u00fc\u011f\u00fc i\u015fbirli\u011finde \u201cKOSGEB Destekleri Bilgilendirme Program\u0131\u201d d\u00fczenlendi. &nbsp; KOSGEB \u0130l M\u00fcd\u00fcrl\u00fc\u011f\u00fc yetkilileri taraf\u0131ndan Dijital D\u00f6n\u00fc\u015f\u00fcm ve Kapasite Geli\u015ftirme Destek Program\u0131 hakk\u0131nda bilgiler verilen programda konu\u015fan Van TSO Ba\u015fkan\u0131 Necdet Takva, \u0130l M\u00fcd\u00fcrl\u00fc\u011f\u00fc ile yap\u0131lan [&hellip;]<\/p>\n","protected":false},"author":1,"featured_media":336,"comment_status":"open","ping_status":"open","sticky":false,"template":"","format":"standard","meta":{"footnotes":""},"categories":[2,1,15,78,4,30],"tags":[100],"class_list":["post-335","post","type-post","status-publish","format-standard","has-post-thumbnail","hentry","category-ekonomi","category-genel","category-gundem","category-manset","category-van-haber","category-yasam","tag-van-tsoda-kosgeb-destekleri-anlatildi"],"_links":{"self":[{"href":"http:\/\/vangoluhaber.com\/index.php\/wp-json\/wp\/v2\/posts\/335","targetHints":{"allow":["GET"]}}],"collection":[{"href":"http:\/\/vangoluhaber.com\/index.php\/wp-json\/wp\/v2\/posts"}],"about":[{"href":"http:\/\/vangoluhaber.com\/index.php\/wp-json\/wp\/v2\/types\/post"}],"author":[{"embeddable":true,"href":"http:\/\/vangoluhaber.com\/index.php\/wp-json\/wp\/v2\/users\/1"}],"replies":[{"embeddable":true,"href":"http:\/\/vangoluhaber.com\/index.php\/wp-json\/wp\/v2\/comments?post=335"}],"version-history":[{"count":1,"href":"http:\/\/vangoluhaber.com\/index.php\/wp-json\/wp\/v2\/posts\/335\/revisions"}],"predecessor-version":[{"id":337,"href":"http:\/\/vangoluhaber.com\/index.php\/wp-json\/wp\/v2\/posts\/335\/revisions\/337"}],"wp:featuredmedia":[{"embeddable":true,"href":"http:\/\/vangoluhaber.com\/index.php\/wp-json\/wp\/v2\/media\/336"}],"wp:attachment":[{"href":"http:\/\/vangoluhaber.com\/index.php\/wp-json\/wp\/v2\/media?parent=335"}],"wp:term":[{"taxonomy":"category","embeddable":true,"href":"http:\/\/vangoluhaber.com\/index.php\/wp-json\/wp\/v2\/categories?post=335"},{"taxonomy":"post_tag","embeddable":true,"href":"http:\/\/vangoluhaber.com\/index.php\/wp-json\/wp\/v2\/tags?post=335"}],"curies":[{"name":"wp","href":"https:\/\/api.w.org\/{rel}","templated":true}]}}