{"id":340,"date":"2025-02-01T22:37:49","date_gmt":"2025-02-01T19:37:49","guid":{"rendered":"http:\/\/vangoluhaber.com\/?p=340"},"modified":"2025-02-01T22:37:49","modified_gmt":"2025-02-01T19:37:49","slug":"vanin-ercis-ilcesinde-uyusturucu-madde-imal-ve-ticareti-yapan-1-kisi-tutuklandi","status":"publish","type":"post","link":"http:\/\/vangoluhaber.com\/index.php\/2025\/02\/01\/vanin-ercis-ilcesinde-uyusturucu-madde-imal-ve-ticareti-yapan-1-kisi-tutuklandi\/","title":{"rendered":"Van\u2019\u0131n Erci\u015f il\u00e7esinde uyu\u015fturucu madde imal ve ticareti yapan 1 ki\u015fi tutukland\u0131"},"content":{"rendered":"<p>Van\u2019\u0131n Erci\u015f il\u00e7esinde jandarma ekiplerince yap\u0131lan \u00e7al\u0131\u015fmalar neticesinde uyu\u015fturucu madde imal ve ticareti yapan 1 ki\u015fi tutukland\u0131.<\/p>\n<p>&nbsp;<\/p>\n<p>\u00d6nceki g\u00fcn kolluk kuvvetlerinin \u00c7elebiba\u011f\u0131 Mahallesi\u2019nde yapt\u0131klar\u0131 aramalar neticesinde, 2 ki\u015fide uyu\u015fturucu madde ele ge\u00e7irilmi\u015f, bununla ilgili yap\u0131lan ara\u015ft\u0131rmada \u0130.\u00c7. isimli \u015fahs\u0131n ikametinde uyu\u015fturucu madde imal ve ticareti yapt\u0131\u011f\u0131 tespit edilmi\u015fti. \u0130kametinde bulunan materyallere el konulan \u0130.\u00c7. isimli \u015fah\u0131s, \u00e7\u0131kar\u0131ld\u0131\u011f\u0131 Erci\u015f Sulh Ceza Hakimli\u011fince tutuklanarak Patnos Ceza \u0130nfaz Kurumuna teslim edildi.<\/p>\n","protected":false},"excerpt":{"rendered":"<p>Van\u2019\u0131n Erci\u015f il\u00e7esinde jandarma ekiplerince yap\u0131lan \u00e7al\u0131\u015fmalar neticesinde uyu\u015fturucu madde imal ve ticareti yapan 1 ki\u015fi tutukland\u0131. &nbsp; \u00d6nceki g\u00fcn kolluk kuvvetlerinin \u00c7elebiba\u011f\u0131 Mahallesi\u2019nde yapt\u0131klar\u0131 aramalar neticesinde, 2 ki\u015fide uyu\u015fturucu madde ele ge\u00e7irilmi\u015f, bununla ilgili yap\u0131lan ara\u015ft\u0131rmada \u0130.\u00c7. isimli \u015fahs\u0131n ikametinde uyu\u015fturucu madde imal ve ticareti yapt\u0131\u011f\u0131 tespit edilmi\u015fti. \u0130kametinde bulunan materyallere el konulan \u0130.\u00c7. [&hellip;]<\/p>\n","protected":false},"author":1,"featured_media":342,"comment_status":"open","ping_status":"open","sticky":false,"template":"","format":"standard","meta":{"footnotes":""},"categories":[1,15,20,78,30],"tags":[101],"class_list":["post-340","post","type-post","status-publish","format-standard","has-post-thumbnail","hentry","category-genel","category-gundem","category-hayat","category-manset","category-yasam","tag-vanin-ercis-ilcesinde-uyusturucu-madde-imal-ve-ticareti-yapan-1-kisi-tutuklandi"],"_links":{"self":[{"href":"http:\/\/vangoluhaber.com\/index.php\/wp-json\/wp\/v2\/posts\/340","targetHints":{"allow":["GET"]}}],"collection":[{"href":"http:\/\/vangoluhaber.com\/index.php\/wp-json\/wp\/v2\/posts"}],"about":[{"href":"http:\/\/vangoluhaber.com\/index.php\/wp-json\/wp\/v2\/types\/post"}],"author":[{"embeddable":true,"href":"http:\/\/vangoluhaber.com\/index.php\/wp-json\/wp\/v2\/users\/1"}],"replies":[{"embeddable":true,"href":"http:\/\/vangoluhaber.com\/index.php\/wp-json\/wp\/v2\/comments?post=340"}],"version-history":[{"count":1,"href":"http:\/\/vangoluhaber.com\/index.php\/wp-json\/wp\/v2\/posts\/340\/revisions"}],"predecessor-version":[{"id":343,"href":"http:\/\/vangoluhaber.com\/index.php\/wp-json\/wp\/v2\/posts\/340\/revisions\/343"}],"wp:featuredmedia":[{"embeddable":true,"href":"http:\/\/vangoluhaber.com\/index.php\/wp-json\/wp\/v2\/media\/342"}],"wp:attachment":[{"href":"http:\/\/vangoluhaber.com\/index.php\/wp-json\/wp\/v2\/media?parent=340"}],"wp:term":[{"taxonomy":"category","embeddable":true,"href":"http:\/\/vangoluhaber.com\/index.php\/wp-json\/wp\/v2\/categories?post=340"},{"taxonomy":"post_tag","embeddable":true,"href":"http:\/\/vangoluhaber.com\/index.php\/wp-json\/wp\/v2\/tags?post=340"}],"curies":[{"name":"wp","href":"https:\/\/api.w.org\/{rel}","templated":true}]}}