{"id":375,"date":"2025-02-04T20:36:52","date_gmt":"2025-02-04T17:36:52","guid":{"rendered":"http:\/\/vangoluhaber.com\/?p=375"},"modified":"2025-02-04T20:36:52","modified_gmt":"2025-02-04T17:36:52","slug":"vanda-47-kisi-tutuklandi","status":"publish","type":"post","link":"http:\/\/vangoluhaber.com\/index.php\/2025\/02\/04\/vanda-47-kisi-tutuklandi\/","title":{"rendered":"Van\u2019da  47 ki\u015fi tutukland\u0131"},"content":{"rendered":"<p>Van\u2019da jandarma ekiplerince y\u00fcr\u00fct\u00fclen \u00e7al\u0131\u015fmalar sonucunda farkl\u0131 su\u00e7lardan aranmas\u0131 bulunan 47 ki\u015fi adli makamlarca tutukland\u0131.<\/p>\n<p>&nbsp;<\/p>\n<p>Van Valili\u011finden yap\u0131lan a\u00e7\u0131klamada, \u0130l Jandarma Komutanl\u0131\u011f\u0131nca 1-31 Ocak 2025 tarihleri aras\u0131nda icra edilen faaliyetlerde 9 bin 261 devriye g\u00f6revi yap\u0131ld\u0131\u011f\u0131 belirtildi. 276 bin 665 \u015fah\u0131s ve 255 bin 763 arac\u0131n kontrol edildi\u011fi ifade edilen a\u00e7\u0131klamada, &#8220;Arand\u0131\u011f\u0131 tespit edilen; doland\u0131r\u0131c\u0131l\u0131ktan 95, ter\u00f6r su\u00e7undan 4, h\u0131rs\u0131zl\u0131k su\u00e7undan 9, uyu\u015fturucu madde su\u00e7undan 20, ka\u00e7ak\u00e7\u0131l\u0131k su\u00e7undan 7 ve di\u011fer su\u00e7lardan 138 \u015fah\u0131s olmak \u00fczere toplam 273 \u015fah\u0131s yakalanm\u0131\u015f olup 47\u2019si tutuklanarak cezaevine teslim edilmi\u015ftir&#8221; denildi.<\/p>\n<p>&nbsp;<\/p>\n<p>A\u00e7\u0131klamada, Saray \u0130l\u00e7e Jandarma Komutanl\u0131\u011f\u0131 Karacahisar Jandarma Karakol Komutanl\u0131\u011f\u0131 ile m\u00fc\u015fterek icra edilen ara\u015ft\u0131rma neticesinde \u00c7akmakk\u00f6y Mahallesi\u2019nde ikamet eden M.L.K isimli \u015fahsa avlanma yasa\u011f\u0131 bulunan da\u011f ke\u00e7isi t\u00fcr\u00fcn\u00fc avlad\u0131\u011f\u0131 tespit edilmi\u015f edilerek 4915 Say\u0131l\u0131 Kara Avc\u0131l\u0131\u011f\u0131 Kanunu gere\u011fi toplam 650 bin TL cezai i\u015flem uygulanmak \u00fczere Van Do\u011fa Koruma ve Milli Parklar M\u00fcd\u00fcrl\u00fc\u011f\u00fc ekiplerine teslim edildi\u011fi belirtildi.<\/p>\n","protected":false},"excerpt":{"rendered":"<p>Van\u2019da jandarma ekiplerince y\u00fcr\u00fct\u00fclen \u00e7al\u0131\u015fmalar sonucunda farkl\u0131 su\u00e7lardan aranmas\u0131 bulunan 47 ki\u015fi adli makamlarca tutukland\u0131. &nbsp; Van Valili\u011finden yap\u0131lan a\u00e7\u0131klamada, \u0130l Jandarma Komutanl\u0131\u011f\u0131nca 1-31 Ocak 2025 tarihleri aras\u0131nda icra edilen faaliyetlerde 9 bin 261 devriye g\u00f6revi yap\u0131ld\u0131\u011f\u0131 belirtildi. 276 bin 665 \u015fah\u0131s ve 255 bin 763 arac\u0131n kontrol edildi\u011fi ifade edilen a\u00e7\u0131klamada, &#8220;Arand\u0131\u011f\u0131 tespit edilen; [&hellip;]<\/p>\n","protected":false},"author":1,"featured_media":376,"comment_status":"open","ping_status":"open","sticky":false,"template":"","format":"standard","meta":{"footnotes":""},"categories":[1,15,78,4],"tags":[109],"class_list":["post-375","post","type-post","status-publish","format-standard","has-post-thumbnail","hentry","category-genel","category-gundem","category-manset","category-van-haber","tag-vanda-47-kisi-tutuklandi"],"_links":{"self":[{"href":"http:\/\/vangoluhaber.com\/index.php\/wp-json\/wp\/v2\/posts\/375","targetHints":{"allow":["GET"]}}],"collection":[{"href":"http:\/\/vangoluhaber.com\/index.php\/wp-json\/wp\/v2\/posts"}],"about":[{"href":"http:\/\/vangoluhaber.com\/index.php\/wp-json\/wp\/v2\/types\/post"}],"author":[{"embeddable":true,"href":"http:\/\/vangoluhaber.com\/index.php\/wp-json\/wp\/v2\/users\/1"}],"replies":[{"embeddable":true,"href":"http:\/\/vangoluhaber.com\/index.php\/wp-json\/wp\/v2\/comments?post=375"}],"version-history":[{"count":1,"href":"http:\/\/vangoluhaber.com\/index.php\/wp-json\/wp\/v2\/posts\/375\/revisions"}],"predecessor-version":[{"id":377,"href":"http:\/\/vangoluhaber.com\/index.php\/wp-json\/wp\/v2\/posts\/375\/revisions\/377"}],"wp:featuredmedia":[{"embeddable":true,"href":"http:\/\/vangoluhaber.com\/index.php\/wp-json\/wp\/v2\/media\/376"}],"wp:attachment":[{"href":"http:\/\/vangoluhaber.com\/index.php\/wp-json\/wp\/v2\/media?parent=375"}],"wp:term":[{"taxonomy":"category","embeddable":true,"href":"http:\/\/vangoluhaber.com\/index.php\/wp-json\/wp\/v2\/categories?post=375"},{"taxonomy":"post_tag","embeddable":true,"href":"http:\/\/vangoluhaber.com\/index.php\/wp-json\/wp\/v2\/tags?post=375"}],"curies":[{"name":"wp","href":"https:\/\/api.w.org\/{rel}","templated":true}]}}