{"id":403,"date":"2025-02-04T20:53:16","date_gmt":"2025-02-04T17:53:16","guid":{"rendered":"http:\/\/vangoluhaber.com\/?p=403"},"modified":"2025-02-04T20:53:16","modified_gmt":"2025-02-04T17:53:16","slug":"calisma-bakani-isikhan-esnek-calisma-modeline-iliskin-duzenleme-yapilacak","status":"publish","type":"post","link":"http:\/\/vangoluhaber.com\/index.php\/2025\/02\/04\/calisma-bakani-isikhan-esnek-calisma-modeline-iliskin-duzenleme-yapilacak\/","title":{"rendered":"\u00c7al\u0131\u015fma Bakan\u0131 I\u015f\u0131khan: Esnek \u00e7al\u0131\u015fma modeline ili\u015fkin d\u00fczenleme yap\u0131lacak"},"content":{"rendered":"<header class=\"hbptHead\">\n<p class=\"description\">\u00c7al\u0131\u015fma ve Sosyal G\u00fcvenlik Bakan\u0131 Vedat I\u015f\u0131khan, kat\u0131ld\u0131\u011f\u0131 canl\u0131 yay\u0131nda esnek \u00e7al\u0131\u015fma uygulamas\u0131na ili\u015fkin detaylar\u0131 anlatt\u0131. Esnek \u00e7al\u0131\u015fma modeli ile ilgili \u00e7al\u0131\u015fmalar\u0131n devam etti\u011fini belirten Bakan I\u015f\u0131khan, sekt\u00f6r bazl\u0131 bir d\u00fczenleme yap\u0131laca\u011f\u0131n\u0131 vurgulad\u0131.<\/p>\n<\/header>\n<div id=\"news\"><\/div>\n<p><main class=\"mtm-20 hbptContent haber_metni\">\u00c7al\u0131\u015fma ve Sosyal G\u00fcvenlik Bakan\u0131 Vedat I\u015f\u0131khan, TRT Haber&#8217;de canl\u0131 yay\u0131na kat\u0131ld\u0131. I\u015f\u0131khan, belediyelerin bor\u00e7lar\u0131na, Suriyelilerin \u00fclkelerine d\u00f6n\u00fc\u015flerin, 2025 y\u0131l\u0131n\u0131n aile y\u0131l\u0131 olarak ilan edilmesine dair a\u00e7\u0131klamalarda bulundu. I\u015f\u0131khan, T\u00fcrkiye&#8217;de esnek \u00e7al\u0131\u015fma modeline ge\u00e7i\u015f ile ilgili y\u00fcr\u00fct\u00fclen \u00e7al\u0131\u015fmalar\u0131 aktard\u0131.<\/p>\n<div class=\"trc_rbox_container\">\n<div id=\"trc_wrapper_9615870565\" class=\"trc_rbox thumbs-mid-a trc-content-sponsored\">\n<div id=\"outer_9615870565\" class=\"trc_rbox_outer\">\n<div id=\"rbox-t2m\" class=\"trc_rbox_div trc_rbox_border_elm\">\n<div id=\"internal_trc_9615870565\">\n<div class=\"videoCube trc_spotlight_item origin-undefined videoItem thumbnail_top videoCube_1_child syndicatedItem trc-first-recommendation trc-spotlight-first-recommendation trc_excludable\" data-item-id=\"~~V1~~1959227827423003512~~KR6yAqE3ClVJZG48aPJuDZPL74hVUd1jzXLjiH5jvUMe79Ni-eBnd8iQ4KmvvX-QCoTT_IvWFG7RTbSa_z-XXt3vNQ0XGkcO3wehGNPI4CAoXSL9-tLZIXmus9A_ZSvmcAGWpzlPKMKQud1EaCsuumt8x_j2aqASp31H5lxBQBbLswCK9IuHp64gvC5Z1qXFmRNzMygydihksvWtEfQgih5ldWfs3u6-Hurg90pUF2w\" data-item-title=\"Londra'n\u0131n Sanat Cephesinde Neler Oluyor?\" data-item-thumb=\"https:\/\/cdn.taboola.com\/libtrc\/static\/thumbnails\/e2095d4a89e568f34c10b8fbcd7f6666.png\" data-item-syndicated=\"true\">\n<div class=\"thumbBlock_holder\"><\/div>\n<div class=\"video-cta-href\"><\/div>\n<div class=\"trc_exclude_undo_btn\">&#8220;KLAS\u0130K YAKLA\u015eIMLA \u00c7ALI\u015eMA HAYATINI Y\u00d6NETMEM\u0130Z OLDUK\u00c7A ZOR&#8221;<\/div>\n<\/div>\n<\/div>\n<\/div>\n<\/div>\n<\/div>\n<\/div>\n<p>&#8220;COVID-19 pandemisi s\u00fcreci i\u00e7erisinde uzaktan \u00e7al\u0131\u015fma, hibrit ve esnek \u00e7al\u0131\u015fma modellerini deneme f\u0131rsat\u0131m\u0131z oldu asl\u0131nda. Bizler de ulusal istihdam stratejimiz belgemizde bu d\u00f6n\u00fc\u015f\u00fcm\u00fc dikkate alarak yeni nesil \u00e7al\u0131\u015fma modellerine y\u00f6nelik \u00e7al\u0131\u015fmalar ger\u00e7ekle\u015ftirdik. Bu \u00e7er\u00e7evede art\u0131k klasik anlamda \u00e7al\u0131\u015fan memnuniyeti, i\u015f ya\u015fam dengesi gibi geleneksel yap\u0131larla \u00e7al\u0131\u015fma hayat\u0131n\u0131 y\u00f6netmemiz olduk\u00e7a zor. Verimlilik de \u00f6yle, verimlili\u011fi de d\u00f6n\u00fc\u015ft\u00fcrmemiz gerekiyor, \u00f6l\u00e7memiz gerekiyor. Bu y\u00fczden \u00e7al\u0131\u015fma hayat\u0131nda da sizin de ifade etti\u011finiz yeni modellerin ortaya \u00e7\u0131kmas\u0131 ka\u00e7\u0131n\u0131lmaz.<\/p>\n<p>&#8220;YASAL D\u00dcZENLEMELER YAPILACAK&#8221;<\/p>\n<p>Bu \u00e7er\u00e7evede \u00fc\u00e7 ana ba\u015fl\u0131\u011f\u0131m\u0131z s\u00f6z konusu.<\/p>\n<ul>\n<li>Birincisi esnek \u00e7al\u0131\u015fma ve hibrit modellerin yayg\u0131nla\u015ft\u0131r\u0131lmas\u0131 y\u00f6n\u00fcnde \u00e7al\u0131\u015fmalar\u0131m\u0131z olacak. \u00d6zellikle bili\u015fim, finans, e\u011fitim, dan\u0131\u015fmanl\u0131k ve hizmet sekt\u00f6r\u00fcnde hibrit ve uzaktan \u00e7al\u0131\u015fma modellerinin yerle\u015fmesi amac\u0131yla yasal \u00e7er\u00e7eveyi haz\u0131rlayaca\u011f\u0131z.<\/li>\n<li>Uzaktan \u00e7al\u0131\u015fman\u0131n biraz \u00f6nce s\u00f6yledi\u011fim i\u015f\u00e7i haklar\u0131 \u00fczerindeki etkilerini g\u00f6z \u00f6n\u00fcne alarak sosyal g\u00fcvenlik ve \u00e7al\u0131\u015fma s\u00fcreleri ile ilgili d\u00fczenlemeler ger\u00e7ekle\u015ftirilecek. Dijitalle\u015fmeye uyumlu \u00e7al\u0131\u015fma \u015fekillerinin desteklenmesi, bu \u00e7er\u00e7evede serbest ve proje bazl\u0131 \u00e7al\u0131\u015fma modellerine y\u00f6nelik te\u015fviklerimizi daha da art\u0131raca\u011f\u0131z. Platform ekonomisi sizin de \u00e7ok iyi bildi\u011fimiz \u00e7ok \u00f6nemli bir ekonomi haline gelmeye ba\u015flad\u0131. E-ticaret, serbest \u00e7al\u0131\u015fma, dijital hizmetler olarak grupland\u0131rabilece\u011fimiz bu alanda \u00e7al\u0131\u015fanlar\u0131n haklar\u0131n\u0131n g\u00fcvence alt\u0131na alacak mekanizmalar\u0131n olu\u015fturulmas\u0131 y\u00f6n\u00fcnde \u00e7al\u0131\u015fmalar\u0131m\u0131z olacak.<\/li>\n<li>Son olarak da i\u015f ya\u015fam dengesinin g\u00fc\u00e7lendirilmesi i\u00e7in de yapaca\u011f\u0131m\u0131z \u00e7al\u0131\u015fmalardan sadece bir iki \u00f6rnek verece\u011fim. \u00c7al\u0131\u015fanlar\u0131n verimlili\u011fini art\u0131racak, t\u00fckenmi\u015flik sendromunu \u00f6nleyecek yeni uygulamalar te\u015fvik edilecektir.<\/li>\n<\/ul>\n<h3>&#8220;MOBB\u0130NGE \u0130Z\u0130N VERMEYECE\u011e\u0130Z&#8221;<\/h3>\n<p>\u00d6zellikle i\u015f yerindeki mobbing, ayr\u0131mc\u0131l\u0131k gibi uygulamalara asla izin verilmeyecek. Bu konuda da yasal d\u00fczenlemeleri ger\u00e7ekle\u015ftirece\u011fiz ve geli\u015ftirece\u011fiz. \u00c7al\u0131\u015fma saatleri de esnek mesai d\u00fczenlemeleri ve k\u0131smi \u00e7al\u0131\u015fma alternatiflerini de sekt\u00f6r baz\u0131nda ele alarak tekrar bir d\u00fczenleme i\u00e7erisinde bulunaca\u011f\u0131z&#8221;<\/p>\n<figure class=\"type:primaryimage hbhOrder\"><img loading=\"lazy\" decoding=\"async\" id=\"HaberImage\" class=\"hbptMainImage\" src=\"https:\/\/foto.haberler.com\/crop\/648x436\/haber\/2025\/02\/04\/calisma-bakani-isikhan-esnek-calisma-modeline-18335721_7468_amp.jpg\" alt=\"\u00c7al\u0131\u015fma Bakan\u0131 I\u015f\u0131khan: Esnek \u00e7al\u0131\u015fma modeline ili\u015fkin d\u00fczenleme yap\u0131lacak\" width=\"648\" height=\"436\" \/><\/figure>\n<div class=\"orderFlex\">\n<div class=\"hbptItem imgtxtarea\">\n<div class=\"hbptAuthorImg\"><img decoding=\"async\" class=\"lazyload imgelips\" src=\"data:image\/gif;base64,R0lGODlhAQABAAD\/ACwAAAAAAQABAAACADs=\" alt=\"Abdurrahman Yaz\u0131c\u0131\" data-src=\"https:\/\/www.haberler.com\/i\/31\/abdurrahman-yazici_b.jpg\" \/><\/div>\n<div class=\"lnarea hbptDetail \">\n<div class=\"hbptAuthorName\"><span class=\"nmarea\"><a title=\"Abdurrahman Yaz\u0131c\u0131\" href=\"https:\/\/www.haberler.com\/editor-haberleri\/abdurrahman-yazici\/\">Abdurrahman Yaz\u0131c\u0131<\/a><\/span><\/div>\n<div class=\"hbptAuthorJob\"><span class=\"sltxt\">Haberler.com &#8211;\u00a0<a title=\"Politika Haberleri\" href=\"https:\/\/www.haberler.com\/politika\/\">Politika<\/a><\/span><\/div>\n<\/div>\n<\/div>\n<\/div>\n<div id=\"nwsKeywords\"><\/div>\n<p><\/main><\/p>\n","protected":false},"excerpt":{"rendered":"<p>\u00c7al\u0131\u015fma ve Sosyal G\u00fcvenlik Bakan\u0131 Vedat I\u015f\u0131khan, kat\u0131ld\u0131\u011f\u0131 canl\u0131 yay\u0131nda esnek \u00e7al\u0131\u015fma uygulamas\u0131na ili\u015fkin detaylar\u0131 anlatt\u0131. Esnek \u00e7al\u0131\u015fma modeli ile ilgili \u00e7al\u0131\u015fmalar\u0131n devam etti\u011fini belirten Bakan I\u015f\u0131khan, sekt\u00f6r bazl\u0131 bir d\u00fczenleme yap\u0131laca\u011f\u0131n\u0131 vurgulad\u0131. \u00c7al\u0131\u015fma ve Sosyal G\u00fcvenlik Bakan\u0131 Vedat I\u015f\u0131khan, TRT Haber&#8217;de canl\u0131 yay\u0131na kat\u0131ld\u0131. I\u015f\u0131khan, belediyelerin bor\u00e7lar\u0131na, Suriyelilerin \u00fclkelerine d\u00f6n\u00fc\u015flerin, 2025 y\u0131l\u0131n\u0131n aile y\u0131l\u0131 [&hellip;]<\/p>\n","protected":false},"author":1,"featured_media":404,"comment_status":"open","ping_status":"open","sticky":false,"template":"","format":"standard","meta":{"footnotes":""},"categories":[1,15,78,19,4,30],"tags":[113],"class_list":["post-403","post","type-post","status-publish","format-standard","has-post-thumbnail","hentry","category-genel","category-gundem","category-manset","category-politika","category-van-haber","category-yasam","tag-calisma-bakani-isikhan-esnek-calisma-modeline-iliskin-duzenleme-yapilacak"],"_links":{"self":[{"href":"http:\/\/vangoluhaber.com\/index.php\/wp-json\/wp\/v2\/posts\/403","targetHints":{"allow":["GET"]}}],"collection":[{"href":"http:\/\/vangoluhaber.com\/index.php\/wp-json\/wp\/v2\/posts"}],"about":[{"href":"http:\/\/vangoluhaber.com\/index.php\/wp-json\/wp\/v2\/types\/post"}],"author":[{"embeddable":true,"href":"http:\/\/vangoluhaber.com\/index.php\/wp-json\/wp\/v2\/users\/1"}],"replies":[{"embeddable":true,"href":"http:\/\/vangoluhaber.com\/index.php\/wp-json\/wp\/v2\/comments?post=403"}],"version-history":[{"count":1,"href":"http:\/\/vangoluhaber.com\/index.php\/wp-json\/wp\/v2\/posts\/403\/revisions"}],"predecessor-version":[{"id":405,"href":"http:\/\/vangoluhaber.com\/index.php\/wp-json\/wp\/v2\/posts\/403\/revisions\/405"}],"wp:featuredmedia":[{"embeddable":true,"href":"http:\/\/vangoluhaber.com\/index.php\/wp-json\/wp\/v2\/media\/404"}],"wp:attachment":[{"href":"http:\/\/vangoluhaber.com\/index.php\/wp-json\/wp\/v2\/media?parent=403"}],"wp:term":[{"taxonomy":"category","embeddable":true,"href":"http:\/\/vangoluhaber.com\/index.php\/wp-json\/wp\/v2\/categories?post=403"},{"taxonomy":"post_tag","embeddable":true,"href":"http:\/\/vangoluhaber.com\/index.php\/wp-json\/wp\/v2\/tags?post=403"}],"curies":[{"name":"wp","href":"https:\/\/api.w.org\/{rel}","templated":true}]}}