{"id":441,"date":"2025-02-09T22:42:11","date_gmt":"2025-02-09T19:42:11","guid":{"rendered":"http:\/\/vangoluhaber.com\/?p=441"},"modified":"2025-02-09T22:42:11","modified_gmt":"2025-02-09T19:42:11","slug":"asiretlerden-silah-birakma-cagrisina-destek","status":"publish","type":"post","link":"http:\/\/vangoluhaber.com\/index.php\/2025\/02\/09\/asiretlerden-silah-birakma-cagrisina-destek\/","title":{"rendered":"A\u015firetlerden silah b\u0131rakma \u00e7a\u011fr\u0131s\u0131na destek"},"content":{"rendered":"<p class=\"lead text-lg-start text-dark my-2 description\">Kadim A\u015firetler Federasyonu Genel Ba\u015fkan\u0131 Rasim Aslan, \u00fclkede kal\u0131c\u0131 bar\u0131\u015f i\u00e7in silah b\u0131rakma \u00e7a\u011fr\u0131s\u0131na destek verdiklerini s\u00f6yledi.<\/p>\n<p>\u0130stanbul da dahil olmak \u00fczere Do\u011fu Anadolu ve G\u00fcneydo\u011fu Anadolu b\u00f6lgesine ba\u011fl\u0131 22 ilden a\u015firet liderleri, kanaat \u00f6nderlerinin yan\u0131 s\u0131ra, alimler ve akademisyenlerden olu\u015fan 430 ki\u015filik bir toplant\u0131 yap\u0131ld\u0131.<\/p>\n<p>Elite World Otel&#8217;de yap\u0131lan toplant\u0131da,\u00a0 Cumhurba\u015fkan\u0131 Recep Tayyip Erdo\u011fan ve MHP Genel Ba\u015fkan\u0131 Devlet Bah\u00e7eli&#8217;nin, silah b\u0131rakma \u00e7a\u011fr\u0131s\u0131na destek verildi\u011fi belirtildi.<\/p>\n<p>Kadim A\u015firetler Federasyonu Genel Ba\u015fkan\u0131 Rasim Aslan &#8220;Tarih boyunca a\u015firetlerimiz, sadece bir toplumsal yap\u0131 de\u011fil, ayn\u0131 zamanda adaletin, dayan\u0131\u015fman\u0131n ve merhametin temsilcisi olmu\u015ftur.&#8221; diyerek ba\u015flad\u0131\u011f\u0131 konu\u015fmas\u0131nda, &#8220;Bu g\u00fcn d\u00fcnyada ve \u00fclkemizde h\u0131zla de\u011fi\u015fen \u015fartlar kar\u015f\u0131s\u0131nda bizlere d\u00fc\u015fen en b\u00fcy\u00fck g\u00f6rev; birlik i\u00e7inde hareket ederek geleneklerimizi, \u00e7a\u011f\u0131n gelenekleriyle uyumlu bir \u015fekilde ya\u015fatmakt\u0131r. Gen\u00e7lerimizin e\u011fitimi, kad\u0131nlar\u0131m\u0131z\u0131n toplumsal hayata daha fazla kat\u0131l\u0131m\u0131, ekonomik kalk\u0131nma ve k\u00fclt\u00fcrel miras\u0131m\u0131z\u0131n korunmas\u0131 gibi konular hepimizin meselesidir. Bu do\u011frultuda Kadim A\u015firetler Konfederasyonu olarak, gen\u00e7lerimize sahip \u00e7\u0131kaca\u011f\u0131z. Kad\u0131nlar\u0131m\u0131z\u0131n g\u00fcc\u00fcn\u00fc ve eme\u011fini destekleyece\u011fiz. A\u015firetler aras\u0131 dayan\u0131\u015fmay\u0131 art\u0131raca\u011f\u0131z. Tarih boyunca zor zamanlarda biri birine sahip \u00e7\u0131kan, sevin\u00e7te ve kederde bir arada olan bir toplumuz. Bu g\u00fcnde ayn\u0131 ruh ve inan\u00e7la hareket ederek birli\u011fimizi daha da kuvvetlendirece\u011fiz&#8221; \u015feklinde konu\u015ftu.<\/p>\n<p>\u00dclkemizde son k\u0131rk y\u0131lda \u00e7ok b\u00fcy\u00fck ac\u0131lar ya\u015fand\u0131\u011f\u0131n\u0131 s\u00f6yleyen Aslan, &#8220;Telafisi m\u00fcmk\u00fcn olmayan b\u00fcy\u00fck can kay\u0131plar\u0131 oldu. Hi\u00e7bir kazanan\u0131 olmayan yo\u011fun bir \u00e7at\u0131\u015fma ortam\u0131 i\u00e7 ve d\u0131\u015f \u00e7evrelerce ya\u015fat\u0131ld\u0131k\u00e7a gencecik evlatlar\u0131m\u0131z\u0131 kaybettik. Annelerimizin g\u00f6zya\u015flar\u0131, ailelerimizin feryatlar\u0131 yeri g\u00f6\u011f\u00fc inletti. \u00c7ok b\u00fcy\u00fck maddi ve manevi tahribat oldu. B\u00f6lge insan\u0131 b\u00fcy\u00fck ac\u0131lar ya\u015fad\u0131, \u015fehirler harabeye d\u00f6nd\u00fc. B\u00f6lgede ya\u015fayan \u0130slami kurumlar hedef haline getirildi. M\u00fctedeyyin insanlar korkun\u00e7 i\u015fkenceler ile katledildi. \u00dclkemizin uzun bir zamand\u0131r ter\u00f6r olaylar\u0131n\u0131n \u00e7ok b\u00fcy\u00fck maddi ve manevi zarar g\u00f6rd\u00fc\u011f\u00fc apa\u00e7\u0131k bir ger\u00e7ektir. Karde\u015f\u00e7e ya\u015famam\u0131z\u0131 istemeyen baz\u0131 g\u00fc\u00e7ler tabi olarak bu kaos ortam\u0131n\u0131n bitmesini istememektedir. \u00dclkemizin i\u00e7inde bulundu\u011fu co\u011frafyan\u0131n huzursuzlu\u011funun azalmas\u0131 ve refah d\u00fczeyinin y\u00fckselmesi i\u00e7in emperyalist g\u00fc\u00e7lerin olu\u015fturdu\u011fu bu ter\u00f6r belas\u0131ndan bir an \u00f6nce kurtulmak gerekmektedir. Hep birlikte bir mozaik olarak ortak k\u00fclt\u00fcr ve de\u011ferler etraf\u0131nda in\u015fa etti\u011fimiz ya\u015fam, \u00f6zge\u00e7mi\u015fimiz ve tarihimiz bizi bar\u0131\u015f ve karde\u015flik ruhuna sahip \u00e7\u0131kmaya ve ya\u015fatmaya mecbur k\u0131l\u0131yor. Gen\u00e7lerimize, \u00e7ocuklar\u0131m\u0131za ve hen\u00fcz do\u011fmam\u0131\u015f gelecekteki nesillerimize anlataca\u011f\u0131m\u0131z g\u00fczel \u00f6yk\u00fclerimizi, karde\u015fli\u011fimizi, birlik ve beraberlik ruhumuzu daha zengin ve g\u00fc\u00e7l\u00fc k\u0131lmal\u0131y\u0131z. Ku\u015fkusuz g\u00fczel \u00f6yk\u00fcler ancak bar\u0131\u015f ve karde\u015flik ikliminde yaz\u0131labilir. Bu da ancak e\u015fit haklara sahip adalet ile temellendirilmi\u015f ve anayasal g\u00fcvenceye al\u0131nm\u0131\u015f, b\u00fct\u00fcn etnik yap\u0131lar\u0131n karde\u015fli\u011fi ile tesis edilebilir. Yak\u0131n zamanda \u00fclkemizdeki baz\u0131 siyasi liderlerimizin engin bilgi ve tecr\u00fcbe birikimleri ile tarihi sorumluluk ve insiyatif alarak \u00fclkemizde bar\u0131\u015f, karde\u015flik ve huzur ortam\u0131 tesis edilmek \u00fczere \u00e7ok anlaml\u0131 ve k\u0131ymetli bir giri\u015fimde bulunduklar\u0131n\u0131 g\u00f6r\u00fcyoruz. Ku\u015fkusuz bu giri\u015fimi \u00e7ok \u00f6nemli buluyor ve \u00f6nemsiyoruz. \u00dclkemizin, co\u011frafyam\u0131z\u0131n, vatanda\u015flar\u0131m\u0131z\u0131n huzur ve refah i\u00e7inde ya\u015famas\u0131 i\u00e7in at\u0131lacak olumlu ve hay\u0131rl\u0131 her ad\u0131m\u0131 \u00f6nemsiyor ve destekliyoruz. Onun i\u00e7in \u00e7\u00f6z\u00fcm s\u00fcrecinin \u00fcst\u00fcnden tam uzun y\u0131llar ge\u00e7mi\u015fken yap\u0131lan yeni \u00e7a\u011fr\u0131 ile yitirmi\u015f oldu\u011fumuz umutlar bir daha ye\u015ferdi. \u00d6ncelikle PKK\u2019n\u0131n silah b\u0131rakmas\u0131na y\u00f6nelik Abdullah \u00d6calan\u2019a yap\u0131lan \u00e7a\u011fr\u0131 son derece de\u011ferli ve yerinde bir \u00e7a\u011fr\u0131d\u0131r. Bu sorunu \u00e7\u00f6zme noktas\u0131nda ortaya konulan her irade de\u011ferlidir. Tabii olarak K\u00fcrt sorununun muhatab\u0131 K\u00fcrt halk\u0131d\u0131r. K\u00fcrt Halk\u0131 kendi i\u00e7inde geni\u015f, demografik ve \u0130slami yap\u0131ya sahip bir halkt\u0131r. Yeni s\u00fcre\u00e7te, daha \u00f6nceki d\u00f6nemde \u0130slami camian\u0131n \u00f6rne\u011fin; (Parti, Dernek, STK ve Kadim A\u015firetlerin \u00d6nderleri, Alimleri) bu sorunu \u00e7\u00f6zmeye dair \u00e7abalar\u0131 ve hassasiyetleri dikkate al\u0131narak ad\u0131m at\u0131lmal\u0131d\u0131r. Hem \u00d6calan hem siyasal K\u00fcrt partiler hem de \u0130slami olu\u015fumlar bu s\u00fcrece katk\u0131da bulunmak zorundad\u0131rlar. Bilinmelidir ki T\u00fcrkiye, T\u00fcrkiye deki T\u00fcrklerin ve K\u00fcrtlerin g\u00fcvende ya\u015fayabilece\u011fi emperyalist g\u00fc\u00e7lerin s\u00f6m\u00fcr\u00fcs\u00fcne kar\u015f\u0131 yekv\u00fccut direnebilece\u011fi tek vatand\u0131r diye konu\u015ftu.<\/p>\n<p>Aslan, &#8220;Bug\u00fcn Ortado\u011fu\u2019da Gazze ve L\u00fcbnan ile s\u0131n\u0131rl\u0131 kalmayacak sald\u0131r\u0131lar\u0131 durdurabilecek tek \u00dclke T\u00fcrkiye\u2019dir. Bu nedenle bu s\u00fcre\u00e7 hi\u00e7bir siyasi propagandaya kurban edilmemelidir. PKK sorunu sadece K\u00fcrt sorununun ortaya \u00e7\u0131kard\u0131\u011f\u0131 bir sorun de\u011fildir. Ancak \u00e7o\u011funlukla K\u00fcrt sorunundan beslenmi\u015ftir. PKK yerel ve k\u00fcresel boyutlar\u0131 olan, ekonomik ve s\u0131n\u0131fsal yap\u0131dan beslenen bir olu\u015fumdur. Bu minvalde silah b\u0131rakma \u00e7a\u011fr\u0131s\u0131 de\u011ferli bir \u00e7a\u011fr\u0131d\u0131r. Et ve t\u0131rnak gibi birbiri ile b\u00fct\u00fcnle\u015fen K\u00fcrt ve T\u00fcrk halklar\u0131 i\u00e7in Devlet \u00fcst\u00fcne d\u00fc\u015feni yapmal\u0131d\u0131r. PKK ise K\u00fcrt halk\u0131n\u0131n ya\u015fad\u0131\u011f\u0131 ac\u0131lara kulak vererek bu \u00e7a\u011fr\u0131ya olumlu cevap vermeli, silah b\u0131rakma iradesini ortaya koymal\u0131d\u0131r. Bu mesele, Do\u011fusundan Bat\u0131s\u0131na b\u00fct\u00fcn toplumun ortak meselesidir. Dolay\u0131s\u0131yla b\u00fct\u00fcn siyasi taraflar\u0131n s\u00fcrece destek olmalar\u0131 ve olumlu katk\u0131 vermesi tarihi bir sorumluluktur. Siyasi, felsefi, dini ve ideolojik olarak hangi g\u00f6r\u00fc\u015fe sahip olursa olsun t\u00fcm toplum kesimlerinin ve sivil toplum kurulu\u015flar\u0131n\u0131n di\u011ferlerini d\u0131\u015flamadan, \u00f6tekile\u015ftirmeden kendi m\u00fcktesebat\u0131 gere\u011fince s\u00fcrece taraf olmalar\u0131, katk\u0131 vermeleri, s\u00fcrecin kapsay\u0131c\u0131 ve sa\u011flam bir zeminde \u00e7\u00f6z\u00fcme kavu\u015fmas\u0131 i\u00e7in \u00f6nemlidir. Bizler Kadim A\u015firetler Federasyonu olarak, k\u00f6kl\u00fc birikimimiz, kadim k\u00fclt\u00fcr ve medeniyetimiz ile \u00f6n yarg\u0131s\u0131z ve samimi her t\u00fcrl\u00fc giri\u015fimi destekledi\u011fimizi bildiriyoruz. Tabi ki toplumumuzun k\u00fclt\u00fcr, inan\u00e7 ve de\u011ferlerinin g\u00f6rmezden gelinmemesi, b\u00fct\u00fcn bu s\u00fcre\u00e7te bir \u015fekilde ac\u0131y\u0131 \u00e7eken kesimlerin g\u00f6n\u00fcllerine su serpecek kal\u0131c\u0131 \u00e7\u00f6z\u00fcm odakl\u0131 bir yakla\u015f\u0131m\u0131n sergilenmesi \u00e7ok \u00f6nemlidir. Bu ba\u011flamda 85. Milyon vatanda\u015f\u0131m\u0131z\u0131n karde\u015fli\u011fi i\u00e7in \u00fclkemizde birlik ve beraberli\u011fi sa\u011flamak ad\u0131na, bu bildiri ile sesimizi T\u00fcrkiye\u2019de ya\u015fayan b\u00fct\u00fcn halklara iletmek istiyoruz ve herkesi \u00e7\u00f6z\u00fcm\u00fcn bir \u00e7a\u011fr\u0131s\u0131 olmaya \u00e7a\u011f\u0131r\u0131yoruz&#8221; ifadelerini kulland\u0131.<\/p>\n","protected":false},"excerpt":{"rendered":"<p>Kadim A\u015firetler Federasyonu Genel Ba\u015fkan\u0131 Rasim Aslan, \u00fclkede kal\u0131c\u0131 bar\u0131\u015f i\u00e7in silah b\u0131rakma \u00e7a\u011fr\u0131s\u0131na destek verdiklerini s\u00f6yledi. \u0130stanbul da dahil olmak \u00fczere Do\u011fu Anadolu ve G\u00fcneydo\u011fu Anadolu b\u00f6lgesine ba\u011fl\u0131 22 ilden a\u015firet liderleri, kanaat \u00f6nderlerinin yan\u0131 s\u0131ra, alimler ve akademisyenlerden olu\u015fan 430 ki\u015filik bir toplant\u0131 yap\u0131ld\u0131. Elite World Otel&#8217;de yap\u0131lan toplant\u0131da,\u00a0 Cumhurba\u015fkan\u0131 Recep Tayyip Erdo\u011fan [&hellip;]<\/p>\n","protected":false},"author":1,"featured_media":440,"comment_status":"open","ping_status":"open","sticky":false,"template":"","format":"standard","meta":{"footnotes":""},"categories":[1,15,78,4,30],"tags":[119],"class_list":["post-441","post","type-post","status-publish","format-standard","has-post-thumbnail","hentry","category-genel","category-gundem","category-manset","category-van-haber","category-yasam","tag-asiretlerden-silah-birakma-cagrisina-destek"],"_links":{"self":[{"href":"http:\/\/vangoluhaber.com\/index.php\/wp-json\/wp\/v2\/posts\/441","targetHints":{"allow":["GET"]}}],"collection":[{"href":"http:\/\/vangoluhaber.com\/index.php\/wp-json\/wp\/v2\/posts"}],"about":[{"href":"http:\/\/vangoluhaber.com\/index.php\/wp-json\/wp\/v2\/types\/post"}],"author":[{"embeddable":true,"href":"http:\/\/vangoluhaber.com\/index.php\/wp-json\/wp\/v2\/users\/1"}],"replies":[{"embeddable":true,"href":"http:\/\/vangoluhaber.com\/index.php\/wp-json\/wp\/v2\/comments?post=441"}],"version-history":[{"count":1,"href":"http:\/\/vangoluhaber.com\/index.php\/wp-json\/wp\/v2\/posts\/441\/revisions"}],"predecessor-version":[{"id":442,"href":"http:\/\/vangoluhaber.com\/index.php\/wp-json\/wp\/v2\/posts\/441\/revisions\/442"}],"wp:featuredmedia":[{"embeddable":true,"href":"http:\/\/vangoluhaber.com\/index.php\/wp-json\/wp\/v2\/media\/440"}],"wp:attachment":[{"href":"http:\/\/vangoluhaber.com\/index.php\/wp-json\/wp\/v2\/media?parent=441"}],"wp:term":[{"taxonomy":"category","embeddable":true,"href":"http:\/\/vangoluhaber.com\/index.php\/wp-json\/wp\/v2\/categories?post=441"},{"taxonomy":"post_tag","embeddable":true,"href":"http:\/\/vangoluhaber.com\/index.php\/wp-json\/wp\/v2\/tags?post=441"}],"curies":[{"name":"wp","href":"https:\/\/api.w.org\/{rel}","templated":true}]}}