{"id":566,"date":"2025-02-20T21:52:07","date_gmt":"2025-02-20T18:52:07","guid":{"rendered":"http:\/\/vangoluhaber.com\/?p=566"},"modified":"2025-02-20T21:52:07","modified_gmt":"2025-02-20T18:52:07","slug":"basin-ilan-kurumu-genel-kurulu-sona-erdi","status":"publish","type":"post","link":"http:\/\/vangoluhaber.com\/index.php\/2025\/02\/20\/basin-ilan-kurumu-genel-kurulu-sona-erdi\/","title":{"rendered":"Bas\u0131n \u0130lan Kurumu Genel Kurulu sona erdi"},"content":{"rendered":"<p>Bas\u0131n \u0130lan Kurumu 32. D\u00f6nem 9.\u00a0<strong>Genel Kurul<\/strong>\u00a0Toplant\u0131s\u0131, 18-20 \u015eubat 2025 tarihleri aras\u0131nda \u0130stanbul\u2019da ger\u00e7ekle\u015ftirildi.<\/p>\n<p>Toplant\u0131n\u0131n 20 \u015eubat 2025 tarihindeki son oturumunda Y\u00f6netim Kurulu\u2019nun teklif olarak sundu\u011fu ve g\u00fcndeme al\u0131nan maddeler g\u00f6r\u00fc\u015f\u00fcld\u00fc. Kurumun 2024 y\u0131l\u0131 bilan\u00e7osu, gelir tablosu ve Y\u00f6netim Kurulu faaliyet raporu oylamaya sunularak oy birli\u011fiyle kabul edildi. B\u00f6ylece, Y\u00f6netim Kurulu\u2019nun faaliyet d\u00f6nemi de ibra edilmi\u015f oldu. \u0130lan \u0130\u015fleri, Hukuk \u0130\u015fleri ve Mali \u0130\u015fler Komisyonlar\u0131nda de\u011ferlendirilen g\u00fcndem maddelerine ili\u015fkin haz\u0131rlanan raporlar\u0131n okunmas\u0131n\u0131n ard\u0131ndan oylamaya ge\u00e7ildi.<\/p>\n<p><strong>S\u00dcREL\u0130 YAYINLARA VER\u0130LEN KRED\u0130LERDE FA\u0130Z ORANI D\u00dc\u015e\u00dcR\u00dcLD\u00dc<\/strong><\/p>\n<p>Genel Kurul, Kurum taraf\u0131ndan s\u00fcreli yay\u0131nlara verilen yat\u0131r\u0131m ve i\u015fletme kredilerine uygulanacak faiz oran\u0131n\u0131 yeniden belirledi. 2024 y\u0131l\u0131 i\u00e7in y\u00fczde 45 olarak tespit edilen faiz oran\u0131n\u0131n, ekonomik geli\u015fmeler g\u00f6z \u00f6n\u00fcnde bulundurularak 2025 y\u0131l\u0131 i\u00e7in y\u00fczde 35\u2019e d\u00fc\u015f\u00fcr\u00fclmesine karar verildi.<\/p>\n<div id=\"ad_121\" data-pagespeed=\"true\" data-advert=\"temedya\" data-channel=\"121\"><\/div>\n<p><strong>BASIN DERNEKLER\u0130NE YARDIM<\/strong><\/p>\n<p>Toplant\u0131da, 2025 y\u0131l\u0131 i\u00e7in bas\u0131n derneklerine yap\u0131lacak yard\u0131m miktar\u0131 tespit edildi. 925 bin T\u00fcrk Liras\u0131\u2019n\u0131n, ilgili y\u00f6netmelik h\u00fck\u00fcmlerine g\u00f6re bas\u0131n derneklerine yard\u0131m olarak da\u011f\u0131t\u0131lmas\u0131 kararla\u015ft\u0131r\u0131ld\u0131.<\/p>\n<p><strong>AZINLIK GAZETELER\u0130NE MADD\u0130 DESTEK<\/strong><\/p>\n<p>Bas\u0131n \u0130lan Kurumu Genel Kurulu\u2019nun 17-19 A\u011fustos 2011 tarihli toplant\u0131s\u0131nda al\u0131nan karar uyar\u0131nca, Lozan Bar\u0131\u015f Antla\u015fmas\u0131 kapsam\u0131nda az\u0131nl\u0131k stat\u00fcs\u00fcnde say\u0131lan cemaat topluluklar\u0131 taraf\u0131ndan \u00fclkemizde yay\u0131mlanan gazetelere maddi destek verilmeye devam edildi. Y\u00f6netim Kurulu\u2019nca belirlenecek k\u0131staslara g\u00f6re az\u0131nl\u0131k gazetelerine 396 bin T\u00fcrk Liras\u0131 maddi yard\u0131m yap\u0131lacak.<\/p>\n<p><strong>GAZETELER\u0130N ASGAR\u0130 SATI\u015e F\u0130YATI YEN\u0130DEN D\u00dcZENLEND\u0130<\/strong><\/p>\n<p>Genel Kurul, verilen \u00f6nerge do\u011frultusunda, yaz\u0131l\u0131 bas\u0131n sekt\u00f6r\u00fcndeki maliyetleri dikkate alarak gazetelerin asgari sat\u0131\u015f fiyatlar\u0131nda d\u00fczenlemeye gitti. Resm\u00ee \u0130lan ve Reklam Y\u00f6netmeli\u011fi\u2019nin 43. maddesinde belirtilen asgari sat\u0131\u015f fiyat\u0131; yerel ve b\u00f6lgesel gazeteler i\u00e7in 4 TL\u2019den 5 TL\u2019ye, yayg\u0131n gazeteler i\u00e7in de 6 TL\u2019den 15 TL\u2019ye y\u00fckseltildi.<\/p>\n<p>Genel Kurul\u2019da ayr\u0131ca, Kurum taraf\u0131ndan internet haber sitelerine alt yap\u0131 ve yaz\u0131l\u0131m deste\u011fi sunulmas\u0131 ile bunun devaml\u0131l\u0131\u011f\u0131n\u0131n sa\u011flanmas\u0131, ayr\u0131ca\u00a0<strong>B\u0130K<\/strong>\u00a0Analitik sisteminin resm\u00ee ilan yay\u0131mlama hakk\u0131na sahip internet haber siteleri ve talep eden di\u011fer internet sitelerine \u00e7e\u015fitli hizmetler verebilmesi amac\u0131yla bir ticari i\u015fletmenin kurulmas\u0131na karar verildi.<\/p>\n<p>Toplant\u0131 sonunda Y\u00f6netim Kurulu Ba\u015fkan\u0131 Prof. Dr. Edibe S\u00f6zen, Divan Ba\u015fkan\u0131 Prof. Dr. Zakir Av\u015far ile Genel Kurul\u2019daki g\u00f6rev s\u00fcreleri sona eren Abdi Pehlivan, Cemal Sonsay ve Prof. Dr. Abdullah \u00d6zkan\u2019a \u00e7i\u00e7ek takdim edildi.<\/p>\n<p>Toplant\u0131yla birlikte, 32. D\u00f6nem Genel Kurulu\u2019nun g\u00f6rev s\u00fcresi tamamlanm\u0131\u015f oldu. 33. D\u00f6nem Genel Kurulu, ilk toplant\u0131s\u0131n\u0131 21 \u015eubat 2025 tarihinde ger\u00e7ekle\u015ftirecek.<\/p>\n<div class=\"article-source py-3 small \"><span class=\"source-name pe-3\"><strong class=\"text-uppercase\">Kaynak:\u00a0<\/strong>B\u0130K<\/span><\/div>\n","protected":false},"excerpt":{"rendered":"<p>Bas\u0131n \u0130lan Kurumu 32. D\u00f6nem 9.\u00a0Genel Kurul\u00a0Toplant\u0131s\u0131, 18-20 \u015eubat 2025 tarihleri aras\u0131nda \u0130stanbul\u2019da ger\u00e7ekle\u015ftirildi. Toplant\u0131n\u0131n 20 \u015eubat 2025 tarihindeki son oturumunda Y\u00f6netim Kurulu\u2019nun teklif olarak sundu\u011fu ve g\u00fcndeme al\u0131nan maddeler g\u00f6r\u00fc\u015f\u00fcld\u00fc. Kurumun 2024 y\u0131l\u0131 bilan\u00e7osu, gelir tablosu ve Y\u00f6netim Kurulu faaliyet raporu oylamaya sunularak oy birli\u011fiyle kabul edildi. B\u00f6ylece, Y\u00f6netim Kurulu\u2019nun faaliyet d\u00f6nemi de ibra [&hellip;]<\/p>\n","protected":false},"author":1,"featured_media":567,"comment_status":"open","ping_status":"open","sticky":false,"template":"","format":"standard","meta":{"footnotes":""},"categories":[1,15,20,78,30],"tags":[146],"class_list":["post-566","post","type-post","status-publish","format-standard","has-post-thumbnail","hentry","category-genel","category-gundem","category-hayat","category-manset","category-yasam","tag-basin-ilan-kurumu-genel-kurulu-sona-erdi"],"_links":{"self":[{"href":"http:\/\/vangoluhaber.com\/index.php\/wp-json\/wp\/v2\/posts\/566","targetHints":{"allow":["GET"]}}],"collection":[{"href":"http:\/\/vangoluhaber.com\/index.php\/wp-json\/wp\/v2\/posts"}],"about":[{"href":"http:\/\/vangoluhaber.com\/index.php\/wp-json\/wp\/v2\/types\/post"}],"author":[{"embeddable":true,"href":"http:\/\/vangoluhaber.com\/index.php\/wp-json\/wp\/v2\/users\/1"}],"replies":[{"embeddable":true,"href":"http:\/\/vangoluhaber.com\/index.php\/wp-json\/wp\/v2\/comments?post=566"}],"version-history":[{"count":1,"href":"http:\/\/vangoluhaber.com\/index.php\/wp-json\/wp\/v2\/posts\/566\/revisions"}],"predecessor-version":[{"id":568,"href":"http:\/\/vangoluhaber.com\/index.php\/wp-json\/wp\/v2\/posts\/566\/revisions\/568"}],"wp:featuredmedia":[{"embeddable":true,"href":"http:\/\/vangoluhaber.com\/index.php\/wp-json\/wp\/v2\/media\/567"}],"wp:attachment":[{"href":"http:\/\/vangoluhaber.com\/index.php\/wp-json\/wp\/v2\/media?parent=566"}],"wp:term":[{"taxonomy":"category","embeddable":true,"href":"http:\/\/vangoluhaber.com\/index.php\/wp-json\/wp\/v2\/categories?post=566"},{"taxonomy":"post_tag","embeddable":true,"href":"http:\/\/vangoluhaber.com\/index.php\/wp-json\/wp\/v2\/tags?post=566"}],"curies":[{"name":"wp","href":"https:\/\/api.w.org\/{rel}","templated":true}]}}