{"id":579,"date":"2025-02-21T21:33:40","date_gmt":"2025-02-21T18:33:40","guid":{"rendered":"http:\/\/vangoluhaber.com\/?p=579"},"modified":"2025-02-21T21:33:40","modified_gmt":"2025-02-21T18:33:40","slug":"vanda-ramazan-pidesi-20-tlye-satilacak","status":"publish","type":"post","link":"http:\/\/vangoluhaber.com\/index.php\/2025\/02\/21\/vanda-ramazan-pidesi-20-tlye-satilacak\/","title":{"rendered":"Van\u2019da  Ramazan pidesi 20 TL\u2019ye sat\u0131lacak"},"content":{"rendered":"<p>Ramazan\u2019da sofralar\u0131n\u0131n vazge\u00e7ilmezi olan Ramazan Pidesinin\u00a0 bu y\u0131l ki fiyat\u0131 belli oldu. Van Lokantac\u0131lar F\u0131r\u0131nc\u0131lar Esnaf Odas\u0131 Ba\u015fkan\u0131 Sabri I\u015f\u0131k, Van\u2019da Ramazan pidesinin bu y\u0131l ki fiyatlar\u0131n\u0131 a\u00e7\u0131klad\u0131.<\/p>\n<p>Van Lokantac\u0131lar F\u0131r\u0131nc\u0131lar Esnaf Odas\u0131 Ba\u015fkan\u0131 Sabri I\u015f\u0131k, bir\u00e7ok ilde 250 gram pidenin yeni fiyat\u0131n\u0131n 20 TL olarak belirlendi\u011fini s\u00f6yleyerek, Van\u2019da ise 310 gram pideyi ayn\u0131 fiyata satacaklar\u0131n\u0131 vurgulad\u0131.<\/p>\n<p>Konuyla alakal\u0131 a\u00e7\u0131klamalarda bulunan Ba\u015fkan I\u015f\u0131k, \u201cPide \u00fcretim maliyetlerinde un fiyatlar\u0131 %40, i\u015f\u00e7ilik \u00fccretlerinde %45, i\u015fletme giderlerinde %40 ve enflasyon oran\u0131n %45 olmas\u0131na ra\u011fmen ve T\u00fcrkiye genelinde pide art\u0131\u015flar\u0131 %28, %35 olurken, Van ilimizde pide fiyat art\u0131\u015f\u0131n\u0131 %25\u2019te tuttuk. Bu kararlar\u0131n al\u0131nmas\u0131nda \u00f6ncelikle f\u0131r\u0131nc\u0131 esnaf\u0131m\u0131z\u0131n vatanda\u015f\u0131n al\u0131m g\u00fcc\u00fcn\u00fc g\u00f6z \u00f6n\u00fcnde bulundurarak, ramazan pidesini makul fiyatland\u0131rma konusunda g\u00f6stermi\u015f olduklar\u0131 \u00f6zveriden dolay\u0131 hepsine ayr\u0131 ayr\u0131 te\u015fekk\u00fcr ederim. \u00c7o\u011fu ilde 250 gram Ramazan pidesi 20 TL iken, ilimizde 310 gram Ramazan pidesi 20 TL\u2019ye sat\u0131lacakt\u0131r. Bu vesile ile Ramazan ay\u0131n\u0131n birlik, Beraberlik, bar\u0131\u015f, karde\u015flik yard\u0131mla\u015fma ve dayan\u0131\u015fmam\u0131z\u0131 peki\u015ftirece\u011fini temenni eder, herkese hay\u0131rl\u0131 i\u015fler bol kazan\u00e7lar dilerim\u201d ifadelerine yer verdi.<\/p>\n","protected":false},"excerpt":{"rendered":"<p>Ramazan\u2019da sofralar\u0131n\u0131n vazge\u00e7ilmezi olan Ramazan Pidesinin\u00a0 bu y\u0131l ki fiyat\u0131 belli oldu. Van Lokantac\u0131lar F\u0131r\u0131nc\u0131lar Esnaf Odas\u0131 Ba\u015fkan\u0131 Sabri I\u015f\u0131k, Van\u2019da Ramazan pidesinin bu y\u0131l ki fiyatlar\u0131n\u0131 a\u00e7\u0131klad\u0131. Van Lokantac\u0131lar F\u0131r\u0131nc\u0131lar Esnaf Odas\u0131 Ba\u015fkan\u0131 Sabri I\u015f\u0131k, bir\u00e7ok ilde 250 gram pidenin yeni fiyat\u0131n\u0131n 20 TL olarak belirlendi\u011fini s\u00f6yleyerek, Van\u2019da ise 310 gram pideyi ayn\u0131 fiyata [&hellip;]<\/p>\n","protected":false},"author":1,"featured_media":580,"comment_status":"open","ping_status":"open","sticky":false,"template":"","format":"standard","meta":{"footnotes":""},"categories":[1,15,20,78,4,30],"tags":[148],"class_list":["post-579","post","type-post","status-publish","format-standard","has-post-thumbnail","hentry","category-genel","category-gundem","category-hayat","category-manset","category-van-haber","category-yasam","tag-vanda-ramazan-pidesi-20-tlye-satilacak"],"_links":{"self":[{"href":"http:\/\/vangoluhaber.com\/index.php\/wp-json\/wp\/v2\/posts\/579","targetHints":{"allow":["GET"]}}],"collection":[{"href":"http:\/\/vangoluhaber.com\/index.php\/wp-json\/wp\/v2\/posts"}],"about":[{"href":"http:\/\/vangoluhaber.com\/index.php\/wp-json\/wp\/v2\/types\/post"}],"author":[{"embeddable":true,"href":"http:\/\/vangoluhaber.com\/index.php\/wp-json\/wp\/v2\/users\/1"}],"replies":[{"embeddable":true,"href":"http:\/\/vangoluhaber.com\/index.php\/wp-json\/wp\/v2\/comments?post=579"}],"version-history":[{"count":1,"href":"http:\/\/vangoluhaber.com\/index.php\/wp-json\/wp\/v2\/posts\/579\/revisions"}],"predecessor-version":[{"id":581,"href":"http:\/\/vangoluhaber.com\/index.php\/wp-json\/wp\/v2\/posts\/579\/revisions\/581"}],"wp:featuredmedia":[{"embeddable":true,"href":"http:\/\/vangoluhaber.com\/index.php\/wp-json\/wp\/v2\/media\/580"}],"wp:attachment":[{"href":"http:\/\/vangoluhaber.com\/index.php\/wp-json\/wp\/v2\/media?parent=579"}],"wp:term":[{"taxonomy":"category","embeddable":true,"href":"http:\/\/vangoluhaber.com\/index.php\/wp-json\/wp\/v2\/categories?post=579"},{"taxonomy":"post_tag","embeddable":true,"href":"http:\/\/vangoluhaber.com\/index.php\/wp-json\/wp\/v2\/tags?post=579"}],"curies":[{"name":"wp","href":"https:\/\/api.w.org\/{rel}","templated":true}]}}