{"id":648,"date":"2025-02-27T23:10:52","date_gmt":"2025-02-27T20:10:52","guid":{"rendered":"http:\/\/vangoluhaber.com\/?p=648"},"modified":"2025-02-27T23:10:52","modified_gmt":"2025-02-27T20:10:52","slug":"van-tsoda-stk-gunu-calistayi-duzenlendi","status":"publish","type":"post","link":"http:\/\/vangoluhaber.com\/index.php\/2025\/02\/27\/van-tsoda-stk-gunu-calistayi-duzenlendi\/","title":{"rendered":"Van TSO\u2019da &#8220;STK G\u00fcn\u00fc&#8221; \u00e7al\u0131\u015ftay\u0131 d\u00fczenlendi"},"content":{"rendered":"<p>Van TSO\u2019da D\u00fcnya Sivil Toplum Kurulu\u015flar\u0131 G\u00fcn\u00fc kapsam\u0131nda &#8220;AB S\u00fcrecinde T\u00fcrkiye\u2019de Sivil Toplum ve AB Proje F\u0131rsatlar\u0131 \u00c7al\u0131\u015ftay\u0131&#8221; d\u00fczenlendi.<\/p>\n<p>&nbsp;<\/p>\n<p>Avrupa Birli\u011fi T\u00fcrkiye Delegasyonu deste\u011fi; Van Ticaret ve Sanayi Odas\u0131 (Van TSO) AB Bilgi Merkezi, Sivil Toplum Geli\u015ftirme Merkezi Derne\u011fi (STGM), T\u00fcrkiye Odalar ve Borsalar Birli\u011fi (TOBB) Van Kad\u0131n ve Gen\u00e7 Giri\u015fimciler Kurulu i\u015fbirli\u011finde; &#8220;AB S\u00fcrecinde T\u00fcrkiye\u2019de Sivil Toplum ve AB Proje F\u0131rsatlar\u0131 \u00c7al\u0131\u015ftay\u0131&#8221; d\u00fczenlendi. Van TSO Genel Sekreteri, Kad\u0131n ve Gen\u00e7 Giri\u015fimciler Kurulu, Sivil Toplum Kurulu\u015fu temsilcileri ve \u00e7ok say\u0131da ki\u015finin kat\u0131l\u0131m sa\u011flad\u0131\u011f\u0131 \u00e7al\u0131\u015ftayda; STGM Y\u00f6netim Kurulu Ba\u015fkan\u0131 Levent Korkut &#8220;AB S\u00fcrecinde T\u00fcrkiye\u2019de Sivil Toplum: \u00d6rg\u00fctlenme \u00d6zg\u00fcrl\u00fc\u011f\u00fc ve Kat\u0131l\u0131m Hakk\u0131&#8221; ve STGM Proje Koordinat\u00f6r\u00fc Murat \u00d6z\u00e7elebi &#8220;AB S\u00fcrecinde Sivil Topluma Y\u00f6nelik Proje F\u0131rsatlar\u0131&#8221; hakk\u0131nda konu\u015fmalar ger\u00e7ekle\u015ftirdi.<\/p>\n<p>&nbsp;<\/p>\n<p>\u00c7al\u0131\u015ftay\u0131n a\u00e7\u0131l\u0131\u015f konu\u015fmas\u0131n\u0131 yapan Van TSO Genel Sekreteri Cengiz Aras, 27 \u015eubat D\u00fcnya Sivil Toplum Kurulu\u015flar\u0131 G\u00fcn\u00fc kapsam\u0131nda \u00e7al\u0131\u015ftay\u0131n d\u00fczenlendi\u011fini s\u00f6yledi. Aras, &#8220;Avrupa Birli\u011fi T\u00fcrkiye Delegasyonu deste\u011fi ile ger\u00e7ekle\u015ftirdi\u011fimiz AB s\u00fcrecinde T\u00fcrkiye\u2019de sivil toplum ve AB proje f\u0131rsatlar\u0131 temal\u0131 program\u0131m\u0131za ho\u015f geldiniz \u015feref verdiniz. T\u00fcrkiye\u2019de AB Taraf\u0131ndan desteklenen ve \u00e7ok uzun y\u0131llard\u0131r sivil toplum alan\u0131nda \u00f6nemli \u00e7al\u0131\u015fmalar y\u00fcr\u00fcten, T\u00fcrkiye\u2019de sivil topluma y\u00f6n veren Sivil Toplum Geli\u015ftirme Merkezi bug\u00fcnk\u00fc program\u0131m\u0131z\u0131n \u00e7ok \u00f6nemli bir payda\u015f\u0131. Ba\u015fkan Levent Korkut ve De\u011ferli Proje Uzman\u0131 Murat \u00d6z\u00e7elik, deneyimlerini bizlerle payla\u015facak. Bizleri yaln\u0131z b\u0131rakmad\u0131klar\u0131 i\u00e7in ayr\u0131ca te\u015fekk\u00fcr ederim. Odam\u0131z\u0131n Gen\u00e7 ve Kad\u0131n Giri\u015fimciler Kurulu bizlere destek verdi. Her iki kurulumuza da te\u015fekk\u00fcr ederim&#8221; dedi.<\/p>\n<p>&nbsp;<\/p>\n<p>&#8220;Sivil toplum demokrasinin en \u00f6nemli yap\u0131 ta\u015flar\u0131ndan biridir&#8221; diyerek konu\u015fmas\u0131n\u0131 s\u00fcrd\u00fcren Aras, &#8220;\u00d6rg\u00fctlenmek, bir arada olmak insan o\u011flunun tarih boyunca her zaman g\u00fcndeminde olmu\u015f, bunu kurdu\u011fu k\u00fc\u00e7\u00fck yap\u0131larla da hayata ge\u00e7irmi\u015ftir. Demokrasilerde devlet mekanizmas\u0131n\u0131n d\u0131\u015f\u0131nda kalan, en \u00f6nemli arg\u00fcman elbette sivil toplum ve sivil yap\u0131lard\u0131r. Bu nedenle bu konuyu \u00e7ok \u00f6nemsiyoruz. Bug\u00fcn burada bu i\u015fe emek vermi\u015f, bu alanda \u00e7al\u0131\u015fan uzmanlar\u0131m\u0131z\u0131n g\u00f6r\u00fc\u015flerini dinleyece\u011fiz. Umar\u0131m hepimize yeni perspektifler olu\u015ftururlar. Sivil toplumun ayakta durmas\u0131 i\u00e7inde en \u00f6nemli destek mekanizmas\u0131 da elbette fon sa\u011flanmas\u0131d\u0131r. Bu konuda AB y\u0131llard\u0131r \u00fclkemizde bulunan Sivil toplum \u00f6rg\u00fctlerine hat\u0131r\u0131 say\u0131l\u0131r kaynaklar aktarmakta ve destek vermektedir. Van TSO olarak 2005 y\u0131l\u0131ndan beri AB\u2019nin destekledi\u011fi projelerimizle kamuoyunda fark\u0131ndal\u0131k olu\u015fturmaktay\u0131z&#8221; ifadelerini kulland\u0131.<\/p>\n<p>&nbsp;<\/p>\n<p>\u00c7al\u0131\u015ftay yap\u0131lan konu\u015fmalar ve soru-cevap b\u00f6l\u00fcm\u00fc ile son buldu.<\/p>\n","protected":false},"excerpt":{"rendered":"<p>Van TSO\u2019da D\u00fcnya Sivil Toplum Kurulu\u015flar\u0131 G\u00fcn\u00fc kapsam\u0131nda &#8220;AB S\u00fcrecinde T\u00fcrkiye\u2019de Sivil Toplum ve AB Proje F\u0131rsatlar\u0131 \u00c7al\u0131\u015ftay\u0131&#8221; d\u00fczenlendi. &nbsp; Avrupa Birli\u011fi T\u00fcrkiye Delegasyonu deste\u011fi; Van Ticaret ve Sanayi Odas\u0131 (Van TSO) AB Bilgi Merkezi, Sivil Toplum Geli\u015ftirme Merkezi Derne\u011fi (STGM), T\u00fcrkiye Odalar ve Borsalar Birli\u011fi (TOBB) Van Kad\u0131n ve Gen\u00e7 Giri\u015fimciler Kurulu i\u015fbirli\u011finde; &#8220;AB [&hellip;]<\/p>\n","protected":false},"author":1,"featured_media":649,"comment_status":"open","ping_status":"open","sticky":false,"template":"","format":"standard","meta":{"footnotes":""},"categories":[1,15,20,78,4],"tags":[161],"class_list":["post-648","post","type-post","status-publish","format-standard","has-post-thumbnail","hentry","category-genel","category-gundem","category-hayat","category-manset","category-van-haber","tag-van-tsoda-stk-gunu-calistayi-duzenlendi"],"_links":{"self":[{"href":"http:\/\/vangoluhaber.com\/index.php\/wp-json\/wp\/v2\/posts\/648","targetHints":{"allow":["GET"]}}],"collection":[{"href":"http:\/\/vangoluhaber.com\/index.php\/wp-json\/wp\/v2\/posts"}],"about":[{"href":"http:\/\/vangoluhaber.com\/index.php\/wp-json\/wp\/v2\/types\/post"}],"author":[{"embeddable":true,"href":"http:\/\/vangoluhaber.com\/index.php\/wp-json\/wp\/v2\/users\/1"}],"replies":[{"embeddable":true,"href":"http:\/\/vangoluhaber.com\/index.php\/wp-json\/wp\/v2\/comments?post=648"}],"version-history":[{"count":1,"href":"http:\/\/vangoluhaber.com\/index.php\/wp-json\/wp\/v2\/posts\/648\/revisions"}],"predecessor-version":[{"id":650,"href":"http:\/\/vangoluhaber.com\/index.php\/wp-json\/wp\/v2\/posts\/648\/revisions\/650"}],"wp:featuredmedia":[{"embeddable":true,"href":"http:\/\/vangoluhaber.com\/index.php\/wp-json\/wp\/v2\/media\/649"}],"wp:attachment":[{"href":"http:\/\/vangoluhaber.com\/index.php\/wp-json\/wp\/v2\/media?parent=648"}],"wp:term":[{"taxonomy":"category","embeddable":true,"href":"http:\/\/vangoluhaber.com\/index.php\/wp-json\/wp\/v2\/categories?post=648"},{"taxonomy":"post_tag","embeddable":true,"href":"http:\/\/vangoluhaber.com\/index.php\/wp-json\/wp\/v2\/tags?post=648"}],"curies":[{"name":"wp","href":"https:\/\/api.w.org\/{rel}","templated":true}]}}