{"id":737,"date":"2025-03-11T20:41:46","date_gmt":"2025-03-11T17:41:46","guid":{"rendered":"http:\/\/vangoluhaber.com\/?p=737"},"modified":"2025-03-11T20:41:46","modified_gmt":"2025-03-11T17:41:46","slug":"takva-van-shopping-fest-cok-onemli","status":"publish","type":"post","link":"http:\/\/vangoluhaber.com\/index.php\/2025\/03\/11\/takva-van-shopping-fest-cok-onemli\/","title":{"rendered":"Takva: Van Shopping Fest \u00e7ok \u00f6nemli"},"content":{"rendered":"<p class=\"lead text-lg-start text-dark my-2 description\">Van Ticaret ve Sanayi Odas\u0131 Y\u00f6netim Kurulu Ba\u015fkan\u0131 Necdet Takva, Cumartesi ba\u015flayacak olan ve 5 Nisan tarihine kadar s\u00fcrecek olan Van Shopping Fest (Van Al\u0131\u015fveri\u015f G\u00fcnleri) ile ilgili de\u011ferlendirme toplant\u0131s\u0131 yapt\u0131. Van TSO hizmet binas\u0131nda ger\u00e7ekle\u015fen toplant\u0131da konu\u015fan Necdet Takva, Van Al\u0131\u015fveri\u015f G\u00fcnleri\u2019nin Van&#8217;daki en istikrarl\u0131 ve s\u00fcrd\u00fcr\u00fclebilir projelerden biri oldu\u011funu s\u00f6yledi.<\/p>\n<p>&nbsp;<\/p>\n<p>Van&#8217;da 15 Mart-5 Nisan tarihleri aras\u0131nda d\u00fczenlenecek olan &#8216;<strong>Van Shopping Fest<\/strong>&#8216; i\u00e7in \u00e7al\u0131\u015fmalar devam ediyor. Cumartesi g\u00fcn\u00fc start alacak olan Van Shopping Fest kapsam\u0131nda kent genelinde \u00f6nemli etkinlikler d\u00fczenlenecek.<\/p>\n<div id=\"ad_121\" data-pagespeed=\"true\" data-advert=\"temedya\" data-channel=\"121\"><\/div>\n<p>Van ekonomisine ve turizmine b\u00fcy\u00fck bir katma de\u011fer sa\u011flamas\u0131 hedeflenen &#8216;Van Shopping Fest&#8217;, 15 Mart-5 Nisan tarihleri aras\u0131nda d\u00fczenlenecek. \u00dclkelerindeki nevruz tatilini ge\u00e7irmek i\u00e7in Van&#8217;a gelecek turistler i\u00e7in de Cumartesi g\u00fcn\u00fc ba\u015flayacak olan festival kapsam\u0131nda bir\u00e7ok etkinlik d\u00fczenlenecek.<\/p>\n<p>Bu kapsamda odada bas\u0131n mensuplar\u0131yla bir araya gelen Van Ticaret ve Sanayi Odas\u0131 Ba\u015fkan\u0131\u00a0<strong>Necdet Takva<\/strong>, 22 g\u00fcn boyunca devam edecek olan Van Shopping Fest (Van Al\u0131\u015fveri\u015f G\u00fcnleri) ile ilgili de\u011ferlendirme toplant\u0131s\u0131 yapt\u0131.<\/p>\n","protected":false},"excerpt":{"rendered":"<p>Van Ticaret ve Sanayi Odas\u0131 Y\u00f6netim Kurulu Ba\u015fkan\u0131 Necdet Takva, Cumartesi ba\u015flayacak olan ve 5 Nisan tarihine kadar s\u00fcrecek olan Van Shopping Fest (Van Al\u0131\u015fveri\u015f G\u00fcnleri) ile ilgili de\u011ferlendirme toplant\u0131s\u0131 yapt\u0131. Van TSO hizmet binas\u0131nda ger\u00e7ekle\u015fen toplant\u0131da konu\u015fan Necdet Takva, Van Al\u0131\u015fveri\u015f G\u00fcnleri\u2019nin Van&#8217;daki en istikrarl\u0131 ve s\u00fcrd\u00fcr\u00fclebilir projelerden biri oldu\u011funu s\u00f6yledi. &nbsp; Van&#8217;da 15 [&hellip;]<\/p>\n","protected":false},"author":1,"featured_media":738,"comment_status":"open","ping_status":"open","sticky":false,"template":"","format":"standard","meta":{"footnotes":""},"categories":[1,15,20,78,4,30],"tags":[181],"class_list":["post-737","post","type-post","status-publish","format-standard","has-post-thumbnail","hentry","category-genel","category-gundem","category-hayat","category-manset","category-van-haber","category-yasam","tag-takva-van-shopping-fest-cok-onemli"],"_links":{"self":[{"href":"http:\/\/vangoluhaber.com\/index.php\/wp-json\/wp\/v2\/posts\/737","targetHints":{"allow":["GET"]}}],"collection":[{"href":"http:\/\/vangoluhaber.com\/index.php\/wp-json\/wp\/v2\/posts"}],"about":[{"href":"http:\/\/vangoluhaber.com\/index.php\/wp-json\/wp\/v2\/types\/post"}],"author":[{"embeddable":true,"href":"http:\/\/vangoluhaber.com\/index.php\/wp-json\/wp\/v2\/users\/1"}],"replies":[{"embeddable":true,"href":"http:\/\/vangoluhaber.com\/index.php\/wp-json\/wp\/v2\/comments?post=737"}],"version-history":[{"count":1,"href":"http:\/\/vangoluhaber.com\/index.php\/wp-json\/wp\/v2\/posts\/737\/revisions"}],"predecessor-version":[{"id":739,"href":"http:\/\/vangoluhaber.com\/index.php\/wp-json\/wp\/v2\/posts\/737\/revisions\/739"}],"wp:featuredmedia":[{"embeddable":true,"href":"http:\/\/vangoluhaber.com\/index.php\/wp-json\/wp\/v2\/media\/738"}],"wp:attachment":[{"href":"http:\/\/vangoluhaber.com\/index.php\/wp-json\/wp\/v2\/media?parent=737"}],"wp:term":[{"taxonomy":"category","embeddable":true,"href":"http:\/\/vangoluhaber.com\/index.php\/wp-json\/wp\/v2\/categories?post=737"},{"taxonomy":"post_tag","embeddable":true,"href":"http:\/\/vangoluhaber.com\/index.php\/wp-json\/wp\/v2\/tags?post=737"}],"curies":[{"name":"wp","href":"https:\/\/api.w.org\/{rel}","templated":true}]}}