{"id":742,"date":"2025-03-24T21:51:17","date_gmt":"2025-03-24T18:51:17","guid":{"rendered":"http:\/\/vangoluhaber.com\/?p=742"},"modified":"2025-03-24T21:51:17","modified_gmt":"2025-03-24T18:51:17","slug":"van-buyuksehir-belediyesinin-yollarda-bakim-ve-onarim-calismalari-suruyor","status":"publish","type":"post","link":"http:\/\/vangoluhaber.com\/index.php\/2025\/03\/24\/van-buyuksehir-belediyesinin-yollarda-bakim-ve-onarim-calismalari-suruyor\/","title":{"rendered":"Van B\u00fcy\u00fck\u015fehir Belediyesinin yollarda bak\u0131m ve onar\u0131m \u00e7al\u0131\u015fmalar\u0131 s\u00fcr\u00fcyor"},"content":{"rendered":"<p>Van B\u00fcy\u00fck\u015fehir Belediyesi, kent genelinde k\u0131\u015f aylar\u0131nda olumsuz hava \u015fartlar\u0131 ve \u00e7evresel fakt\u00f6rlerden dolay\u0131 y\u0131pranan yol, kald\u0131r\u0131m ve ref\u00fcjlerde bak\u0131m onar\u0131m \u00e7al\u0131\u015fmas\u0131 yaparken, k\u0131rsalda ise geni\u015fletme, reglaj ve yol bak\u0131m\u0131 \u00e7al\u0131\u015fmalar\u0131 ger\u00e7ekle\u015ftiriyor.<\/p>\n<p>&nbsp;<\/p>\n<p>Van\u2019da havalar\u0131n \u0131s\u0131nmas\u0131 ile birlikte harekete ge\u00e7en B\u00fcy\u00fck\u015fehir Belediyesi Yol Yap\u0131m Bak\u0131m ve Onar\u0131m Daire Ba\u015fkanl\u0131\u011f\u0131 ekipleri, olumsuz hava \u015fartlar\u0131, kar ya\u011f\u0131\u015f\u0131 ve tuzlama \u00e7al\u0131\u015fmalar\u0131ndan dolay\u0131 y\u0131pranan yol, kald\u0131r\u0131m ve ref\u00fcj gibi alanlar\u0131 yeniden onar\u0131yor. Van B\u00fcy\u00fck\u015fehir Belediyesinin sorumluluk alan\u0131nda bulunan cadde ve mahalle yollar\u0131nda ayr\u0131ca yama \u00e7al\u0131\u015fmalar\u0131 da y\u00fcr\u00fct\u00fcl\u00fcyor.<\/p>\n<p>&nbsp;<\/p>\n<p>Ekipler, kent merkezindeki ana arterler ba\u015fta olmak \u00fczere onlarca noktada kald\u0131r\u0131m, ref\u00fcj ve yol onar\u0131m \u00e7al\u0131\u015fmas\u0131 ger\u00e7ekle\u015ftirirken, k\u0131rsalda ise mahalle ve mezra yollar\u0131nda geni\u015fletme ve reglaj \u00e7al\u0131\u015fmalar\u0131n\u0131 da aral\u0131ks\u0131z s\u00fcrd\u00fcr\u00fcyor.<\/p>\n<p>&nbsp;<\/p>\n","protected":false},"excerpt":{"rendered":"<p>Van B\u00fcy\u00fck\u015fehir Belediyesi, kent genelinde k\u0131\u015f aylar\u0131nda olumsuz hava \u015fartlar\u0131 ve \u00e7evresel fakt\u00f6rlerden dolay\u0131 y\u0131pranan yol, kald\u0131r\u0131m ve ref\u00fcjlerde bak\u0131m onar\u0131m \u00e7al\u0131\u015fmas\u0131 yaparken, k\u0131rsalda ise geni\u015fletme, reglaj ve yol bak\u0131m\u0131 \u00e7al\u0131\u015fmalar\u0131 ger\u00e7ekle\u015ftiriyor. &nbsp; Van\u2019da havalar\u0131n \u0131s\u0131nmas\u0131 ile birlikte harekete ge\u00e7en B\u00fcy\u00fck\u015fehir Belediyesi Yol Yap\u0131m Bak\u0131m ve Onar\u0131m Daire Ba\u015fkanl\u0131\u011f\u0131 ekipleri, olumsuz hava \u015fartlar\u0131, kar ya\u011f\u0131\u015f\u0131 [&hellip;]<\/p>\n","protected":false},"author":1,"featured_media":743,"comment_status":"open","ping_status":"open","sticky":false,"template":"","format":"standard","meta":{"footnotes":""},"categories":[1,15,20,78,4,30],"tags":[182],"class_list":["post-742","post","type-post","status-publish","format-standard","has-post-thumbnail","hentry","category-genel","category-gundem","category-hayat","category-manset","category-van-haber","category-yasam","tag-van-buyuksehir-belediyesinin-yollarda-bakim-ve-onarim-calismalari-suruyor"],"_links":{"self":[{"href":"http:\/\/vangoluhaber.com\/index.php\/wp-json\/wp\/v2\/posts\/742","targetHints":{"allow":["GET"]}}],"collection":[{"href":"http:\/\/vangoluhaber.com\/index.php\/wp-json\/wp\/v2\/posts"}],"about":[{"href":"http:\/\/vangoluhaber.com\/index.php\/wp-json\/wp\/v2\/types\/post"}],"author":[{"embeddable":true,"href":"http:\/\/vangoluhaber.com\/index.php\/wp-json\/wp\/v2\/users\/1"}],"replies":[{"embeddable":true,"href":"http:\/\/vangoluhaber.com\/index.php\/wp-json\/wp\/v2\/comments?post=742"}],"version-history":[{"count":1,"href":"http:\/\/vangoluhaber.com\/index.php\/wp-json\/wp\/v2\/posts\/742\/revisions"}],"predecessor-version":[{"id":744,"href":"http:\/\/vangoluhaber.com\/index.php\/wp-json\/wp\/v2\/posts\/742\/revisions\/744"}],"wp:featuredmedia":[{"embeddable":true,"href":"http:\/\/vangoluhaber.com\/index.php\/wp-json\/wp\/v2\/media\/743"}],"wp:attachment":[{"href":"http:\/\/vangoluhaber.com\/index.php\/wp-json\/wp\/v2\/media?parent=742"}],"wp:term":[{"taxonomy":"category","embeddable":true,"href":"http:\/\/vangoluhaber.com\/index.php\/wp-json\/wp\/v2\/categories?post=742"},{"taxonomy":"post_tag","embeddable":true,"href":"http:\/\/vangoluhaber.com\/index.php\/wp-json\/wp\/v2\/tags?post=742"}],"curies":[{"name":"wp","href":"https:\/\/api.w.org\/{rel}","templated":true}]}}