{"id":139,"count":1,"description":"","link":"http:\/\/vangoluhaber.com\/index.php\/tag\/ak-parti-van-il-baskani-abdulahat-arvastan-8-buyuk-olagan-kongre-aciklamasi\/","name":"AK Parti Van \u0130l Ba\u015fkan\u0131 Abdulahat Arvas\u2019tan 8. B\u00fcy\u00fck Ola\u011fan Kongre a\u00e7\u0131klamas\u0131","slug":"ak-parti-van-il-baskani-abdulahat-arvastan-8-buyuk-olagan-kongre-aciklamasi","taxonomy":"post_tag","meta":[],"_links":{"self":[{"href":"http:\/\/vangoluhaber.com\/index.php\/wp-json\/wp\/v2\/tags\/139","targetHints":{"allow":["GET"]}}],"collection":[{"href":"http:\/\/vangoluhaber.com\/index.php\/wp-json\/wp\/v2\/tags"}],"about":[{"href":"http:\/\/vangoluhaber.com\/index.php\/wp-json\/wp\/v2\/taxonomies\/post_tag"}],"wp:post_type":[{"href":"http:\/\/vangoluhaber.com\/index.php\/wp-json\/wp\/v2\/posts?tags=139"}],"curies":[{"name":"wp","href":"https:\/\/api.w.org\/{rel}","templated":true}]}}