{"id":1008,"date":"2025-09-23T20:02:35","date_gmt":"2025-09-23T17:02:35","guid":{"rendered":"https:\/\/vangoluhaber.com\/?p=1008"},"modified":"2025-09-23T20:02:35","modified_gmt":"2025-09-23T17:02:35","slug":"vanda-123-kisi-tutuklandi","status":"publish","type":"post","link":"https:\/\/vangoluhaber.com\/index.php\/2025\/09\/23\/vanda-123-kisi-tutuklandi\/","title":{"rendered":"Van\u2019da  123 ki\u015fi tutukland\u0131"},"content":{"rendered":"<p class=\"lead text-lg-start text-dark my-2 description\">Van Emniyet M\u00fcd\u00fcrl\u00fc\u011f\u00fc ekipleri, 7\u201320 Eyl\u00fcl 2025 tarihleri aras\u0131nda y\u00fcr\u00fctt\u00fc\u011f\u00fc \u00e7al\u0131\u015fmalar kapsam\u0131nda \u00e7e\u015fitli su\u00e7lardan aranan 280 ki\u015fiyi yakalad\u0131; 123 ki\u015fi tutukland\u0131, \u00e7ok say\u0131da silah, e\u015fya ve sigara ele ge\u00e7irildi.<\/p>\n<p>Van\u2019da polis ekiplerince y\u00fcr\u00fct\u00fclen \u00e7al\u0131\u015fmalar sonucunda \u00e7e\u015fitli su\u00e7lardan aranmalar\u0131 bulunan 123 ki\u015fi \u00e7\u0131kar\u0131ld\u0131klar\u0131 adli makamlarca tutukland\u0131. Van Emniyet M\u00fcd\u00fcrl\u00fc\u011f\u00fcnden yap\u0131lan a\u00e7\u0131klamada, il genelinde kamu d\u00fczeninin sa\u011flanmas\u0131 i\u00e7in su\u00e7 ve su\u00e7lularla m\u00fccadele kapsam\u0131nda Asayi\u015f \u015eube M\u00fcd\u00fcrl\u00fc\u011f\u00fc ve \u0130l\u00e7e Emniyet M\u00fcd\u00fcrl\u00fc\u011f\u00fc\/Amirli\u011fi g\u00f6revlilerince y\u00fcr\u00fct\u00fclen \u00e7al\u0131\u015fmalar\u0131n devam etti\u011fi belirtildi. A\u00e7\u0131klamada, &#8220;7 &#8211; 20 Eyl\u00fcl 2025 tarihleri aras\u0131nda yap\u0131lan \u00e7al\u0131\u015fmalar neticesinde; 6136 ve 5729 Say\u0131l\u0131 Kanun\u2019a Muhalefet olaylar\u0131nda 6 adet ruhsats\u0131z tabanca, 2 adet av t\u00fcfe\u011fi, 2 adet kurus\u0131k\u0131 tabanca ele ge\u00e7irilmi\u015ftir. 5607 Say\u0131l\u0131 Kanun\u2019a Muhalefet olaylar\u0131nda; bin 498 paket sigara, 15 adet cep telefonu, 64 kilogram muhtelif e\u015fya ele ge\u00e7irilmi\u015ftir. \u0130l Emniyet M\u00fcd\u00fcrl\u00fc\u011f\u00fcm\u00fcz taraf\u0131ndan aranan toplam 280 \u015fah\u0131s yakalanm\u0131\u015f, 2.604.370 ? adli para cezas\u0131 ve 303 y\u0131l 4 ay 22 g\u00fcn kesinle\u015fmi\u015f hapis cezas\u0131 bulunan 123 \u015fah\u0131s adli makamlarca tutuklanm\u0131\u015ft\u0131r&#8221; denildi.<\/p>\n","protected":false},"excerpt":{"rendered":"<p>Van Emniyet M\u00fcd\u00fcrl\u00fc\u011f\u00fc ekipleri, 7\u201320 Eyl\u00fcl 2025 tarihleri aras\u0131nda y\u00fcr\u00fctt\u00fc\u011f\u00fc \u00e7al\u0131\u015fmalar kapsam\u0131nda \u00e7e\u015fitli su\u00e7lardan aranan 280 ki\u015fiyi yakalad\u0131; 123 ki\u015fi tutukland\u0131, \u00e7ok say\u0131da silah, e\u015fya ve sigara ele ge\u00e7irildi. Van\u2019da polis ekiplerince y\u00fcr\u00fct\u00fclen \u00e7al\u0131\u015fmalar sonucunda \u00e7e\u015fitli su\u00e7lardan aranmalar\u0131 bulunan 123 ki\u015fi \u00e7\u0131kar\u0131ld\u0131klar\u0131 adli makamlarca tutukland\u0131. Van Emniyet M\u00fcd\u00fcrl\u00fc\u011f\u00fcnden yap\u0131lan a\u00e7\u0131klamada, il genelinde kamu d\u00fczeninin sa\u011flanmas\u0131 [&hellip;]<\/p>\n","protected":false},"author":1,"featured_media":1009,"comment_status":"open","ping_status":"open","sticky":false,"template":"","format":"standard","meta":{"footnotes":""},"categories":[1,15,20,78,4,30],"tags":[239],"class_list":["post-1008","post","type-post","status-publish","format-standard","has-post-thumbnail","hentry","category-genel","category-gundem","category-hayat","category-manset","category-van-haber","category-yasam","tag-vanda-123-kisi-tutuklandi"],"_links":{"self":[{"href":"https:\/\/vangoluhaber.com\/index.php\/wp-json\/wp\/v2\/posts\/1008","targetHints":{"allow":["GET"]}}],"collection":[{"href":"https:\/\/vangoluhaber.com\/index.php\/wp-json\/wp\/v2\/posts"}],"about":[{"href":"https:\/\/vangoluhaber.com\/index.php\/wp-json\/wp\/v2\/types\/post"}],"author":[{"embeddable":true,"href":"https:\/\/vangoluhaber.com\/index.php\/wp-json\/wp\/v2\/users\/1"}],"replies":[{"embeddable":true,"href":"https:\/\/vangoluhaber.com\/index.php\/wp-json\/wp\/v2\/comments?post=1008"}],"version-history":[{"count":1,"href":"https:\/\/vangoluhaber.com\/index.php\/wp-json\/wp\/v2\/posts\/1008\/revisions"}],"predecessor-version":[{"id":1010,"href":"https:\/\/vangoluhaber.com\/index.php\/wp-json\/wp\/v2\/posts\/1008\/revisions\/1010"}],"wp:featuredmedia":[{"embeddable":true,"href":"https:\/\/vangoluhaber.com\/index.php\/wp-json\/wp\/v2\/media\/1009"}],"wp:attachment":[{"href":"https:\/\/vangoluhaber.com\/index.php\/wp-json\/wp\/v2\/media?parent=1008"}],"wp:term":[{"taxonomy":"category","embeddable":true,"href":"https:\/\/vangoluhaber.com\/index.php\/wp-json\/wp\/v2\/categories?post=1008"},{"taxonomy":"post_tag","embeddable":true,"href":"https:\/\/vangoluhaber.com\/index.php\/wp-json\/wp\/v2\/tags?post=1008"}],"curies":[{"name":"wp","href":"https:\/\/api.w.org\/{rel}","templated":true}]}}