{"id":1025,"date":"2025-09-23T20:12:53","date_gmt":"2025-09-23T17:12:53","guid":{"rendered":"https:\/\/vangoluhaber.com\/?p=1025"},"modified":"2025-09-23T20:12:53","modified_gmt":"2025-09-23T17:12:53","slug":"edremit-koprulu-kavsak-baglantisi-ne-zaman-bitecek","status":"publish","type":"post","link":"https:\/\/vangoluhaber.com\/index.php\/2025\/09\/23\/edremit-koprulu-kavsak-baglantisi-ne-zaman-bitecek\/","title":{"rendered":"Edremit K\u00f6pr\u00fcl\u00fc Kav\u015fak ba\u011flant\u0131s\u0131 ne zaman bitecek?"},"content":{"rendered":"<p class=\"lead text-lg-start text-dark my-2 description\">Van Valisi Ozan Balc\u0131, Van \u00c7evre Yolu\u2019nun Edremit k\u00f6pr\u00fcl\u00fc kav\u015fak ve ba\u011flant\u0131 yolunun yap\u0131m \u00e7al\u0131\u015fmalar\u0131n\u0131 inceledi.<\/p>\n<p>Van\u2019\u0131n trafik y\u00fck\u00fcn\u00fc \u00f6nemli \u00f6l\u00e7\u00fcde hafifletecek, Van \u00e7evre yolunun \u0130pekyolu K\u00f6pr\u00fcl\u00fc Kav\u015fak Projesi devam ediyor.<\/p>\n<p>Van Valisi Ozan Balc\u0131 beraberindekilerle birlikte Van \u00c7evre Yolu\u2019nun Edremit k\u00f6pr\u00fcl\u00fc kav\u015fak ve ba\u011flant\u0131 yolunun yap\u0131m \u00e7al\u0131\u015fmalar\u0131n\u0131 yerinde inceleyerek \u00e7al\u0131\u015fmalar hakk\u0131nda bilgi ald\u0131.<\/p>\n<p>\u0130ncelemeler sonras\u0131 a\u00e7\u0131klamalarda bulunan Van Valisi Ozan Balc\u0131, \u201cEkip arkada\u015flar\u0131m\u0131zla birlikte Van i\u00e7in, Vanl\u0131 hem\u015firelerimizin huzuru, refah\u0131 ve esenlikleri i\u00e7in canla ba\u015fla, \u015fevkle \u00e7al\u0131\u015fmaya devam ediyoruz. Bu g\u00f6rd\u00fc\u011f\u00fcm\u00fcz alan Van \u00e7evre yolunun Edremit aya\u011f\u0131. \u0130n\u015fallah bu sene sonuna kadar Edremit-Kuruba\u015f yolunun 10 kilometrelik hatt\u0131n\u0131 \u00fcst ge\u00e7itleriyle, ba\u011flant\u0131lar\u0131yla bitirilecek. Yine Erci\u015f\u2019ten \u00d6zalp kav\u015fa\u011f\u0131na kadar olan 18 kilometrelik yolda bitirilecek. Yakla\u015f\u0131k 28 kilometre \u00e7evre yolu bu sene trafi\u011fe a\u00e7\u0131lm\u0131\u015f olacak. Geriye kalan 13 kilometrede \u00e7al\u0131\u015fmalar h\u0131zla devam ediyor. \u0130n\u015fallah o da \u00f6n\u00fcm\u00fczdeki y\u0131l tamamlan\u0131p trafi\u011fe a\u00e7\u0131lm\u0131\u015f olacak. Bu i\u015flerin yap\u0131m\u0131nda eme\u011fi ge\u00e7en, destek veren ba\u015fta Ula\u015ft\u0131rma ve Altyap\u0131 Bakan\u0131m\u0131z olmak \u00fczere herkese \u00e7ok te\u015fekk\u00fcr ediyorum. \u0130n\u015fallah bu \u00e7evre yolumuz bitti\u011finde Van\u2019\u0131m\u0131za ayr\u0131 bir de\u011fer kazand\u0131racak. Ayr\u0131ca sahil yolunun 13 kilometresini bitirdik. Edremit Uygulama Otelinden \u00fcniversiteye kadar insanlar kesintisiz sahil yolunu kullanm\u0131\u015f olacak. 5 kilometreyi daha tamamlad\u0131\u011f\u0131m\u0131zda 18 kilometre sahil yolumuz olacak. Bu sadece sahil yolu de\u011fil ayn\u0131 zamanda sosyal donat\u0131larla, spor alanlar\u0131yla ve ya\u015fam alanlar\u0131yla bir seyirlik yol olacak. Van g\u00f6l\u00fcn\u00fcn gerdanl\u0131\u011f\u0131 olmu\u015f olacak. Gerek \u00e7evre yolunun tamamlanmas\u0131 gerek sahil yolunun tamamlanmas\u0131yla trafi\u011fin ve trafikten kaynaklanan problemleri tamamen olmasa bile epey bir miktarda azaltaca\u011f\u0131m\u0131z\u0131 d\u00fc\u015f\u00fcn\u00fcyoruz. Yine elmal\u0131k yolunu yap\u0131yoruz. Oras\u0131 da bu sene sonunda bitecek. Yine \u00e7evre yoluyla ba\u011flant\u0131l\u0131 yollar\u0131na haz\u0131rl\u0131klar yap\u0131yoruz \u015fimdi onlar\u0131 halledece\u011fiz. K\u0131sacas\u0131 yollar\u0131 ili\u015fkin baya\u011f\u0131 yo\u011fun bir \u00e7al\u0131\u015fmam\u0131z var. B\u00fct\u00fcn ekip arkada\u015flar\u0131ma can\u0131 g\u00f6n\u00fclden y\u00fcrekten te\u015fekk\u00fcr ediyorum. \u015eehrimize ve hem\u015ferilerimize hay\u0131rl\u0131 u\u011furlu olsun\u201d dedi.<\/p>\n","protected":false},"excerpt":{"rendered":"<p>Van Valisi Ozan Balc\u0131, Van \u00c7evre Yolu\u2019nun Edremit k\u00f6pr\u00fcl\u00fc kav\u015fak ve ba\u011flant\u0131 yolunun yap\u0131m \u00e7al\u0131\u015fmalar\u0131n\u0131 inceledi. Van\u2019\u0131n trafik y\u00fck\u00fcn\u00fc \u00f6nemli \u00f6l\u00e7\u00fcde hafifletecek, Van \u00e7evre yolunun \u0130pekyolu K\u00f6pr\u00fcl\u00fc Kav\u015fak Projesi devam ediyor. Van Valisi Ozan Balc\u0131 beraberindekilerle birlikte Van \u00c7evre Yolu\u2019nun Edremit k\u00f6pr\u00fcl\u00fc kav\u015fak ve ba\u011flant\u0131 yolunun yap\u0131m \u00e7al\u0131\u015fmalar\u0131n\u0131 yerinde inceleyerek \u00e7al\u0131\u015fmalar hakk\u0131nda bilgi ald\u0131. \u0130ncelemeler [&hellip;]<\/p>\n","protected":false},"author":1,"featured_media":1026,"comment_status":"open","ping_status":"open","sticky":false,"template":"","format":"standard","meta":{"footnotes":""},"categories":[21,1,15,20,78,4,30],"tags":[243],"class_list":["post-1025","post","type-post","status-publish","format-standard","has-post-thumbnail","hentry","category-bulten","category-genel","category-gundem","category-hayat","category-manset","category-van-haber","category-yasam","tag-edremit-koprulu-kavsak-baglantisi-ne-zaman-bitecek"],"_links":{"self":[{"href":"https:\/\/vangoluhaber.com\/index.php\/wp-json\/wp\/v2\/posts\/1025","targetHints":{"allow":["GET"]}}],"collection":[{"href":"https:\/\/vangoluhaber.com\/index.php\/wp-json\/wp\/v2\/posts"}],"about":[{"href":"https:\/\/vangoluhaber.com\/index.php\/wp-json\/wp\/v2\/types\/post"}],"author":[{"embeddable":true,"href":"https:\/\/vangoluhaber.com\/index.php\/wp-json\/wp\/v2\/users\/1"}],"replies":[{"embeddable":true,"href":"https:\/\/vangoluhaber.com\/index.php\/wp-json\/wp\/v2\/comments?post=1025"}],"version-history":[{"count":1,"href":"https:\/\/vangoluhaber.com\/index.php\/wp-json\/wp\/v2\/posts\/1025\/revisions"}],"predecessor-version":[{"id":1027,"href":"https:\/\/vangoluhaber.com\/index.php\/wp-json\/wp\/v2\/posts\/1025\/revisions\/1027"}],"wp:featuredmedia":[{"embeddable":true,"href":"https:\/\/vangoluhaber.com\/index.php\/wp-json\/wp\/v2\/media\/1026"}],"wp:attachment":[{"href":"https:\/\/vangoluhaber.com\/index.php\/wp-json\/wp\/v2\/media?parent=1025"}],"wp:term":[{"taxonomy":"category","embeddable":true,"href":"https:\/\/vangoluhaber.com\/index.php\/wp-json\/wp\/v2\/categories?post=1025"},{"taxonomy":"post_tag","embeddable":true,"href":"https:\/\/vangoluhaber.com\/index.php\/wp-json\/wp\/v2\/tags?post=1025"}],"curies":[{"name":"wp","href":"https:\/\/api.w.org\/{rel}","templated":true}]}}