{"id":1067,"date":"2025-10-21T21:50:05","date_gmt":"2025-10-21T18:50:05","guid":{"rendered":"https:\/\/vangoluhaber.com\/?p=1067"},"modified":"2025-10-21T21:50:05","modified_gmt":"2025-10-21T18:50:05","slug":"vanda-gumruk-kacakciligi-operasyonu-4","status":"publish","type":"post","link":"https:\/\/vangoluhaber.com\/index.php\/2025\/10\/21\/vanda-gumruk-kacakciligi-operasyonu-4\/","title":{"rendered":"Van\u2019da g\u00fcmr\u00fck ka\u00e7ak\u00e7\u0131l\u0131\u011f\u0131 operasyonu"},"content":{"rendered":"<p>Van\u2019\u0131n Ba\u015fkale il\u00e7esinde jandarma ekiplerince y\u00fcr\u00fct\u00fclen \u00e7al\u0131\u015fmalar sonucunda 82 par\u00e7a g\u00fcmr\u00fcks\u00fcz ka\u00e7ak e\u015fya ve malzeme ele ge\u00e7irildi.<\/p>\n<p>&nbsp;<\/p>\n<p>Van Valili\u011finden yap\u0131lan a\u00e7\u0131klamada, \u0130l Jandarma Komutanl\u0131\u011f\u0131 Ka\u00e7ak\u00e7\u0131l\u0131k ve Organize Su\u00e7larla M\u00fccadele \u015eube M\u00fcd\u00fcrl\u00fc\u011f\u00fc, \u0130stihbarat \u015eube M\u00fcd\u00fcrl\u00fc\u011f\u00fc ve Ba\u015fkale \u0130l\u00e7e Jandarma Komutanl\u0131\u011f\u0131 ekiplerince y\u00fcr\u00fct\u00fclen \u00e7al\u0131\u015fmalar\u0131n devam etti\u011fi belirtildi. A\u00e7\u0131klamada, &#8220;Ba\u015fkale il\u00e7esi \u00c7aml\u0131k Mahallesi mevkisinde icra edilen yol arama ve kontrol faaliyeti neticesinde 82 par\u00e7a g\u00fcmr\u00fcks\u00fcz ka\u00e7ak e\u015fya ve malzeme ele ge\u00e7irilerek muhafaza alt\u0131na al\u0131nm\u0131\u015ft\u0131r. \u015e\u00fcpheli \u00c7.D. (50) hakk\u0131nda 5607 Say\u0131l\u0131 Ka\u00e7ak\u00e7\u0131l\u0131kla M\u00fccadele Kanununa g\u00f6re adli i\u015flem yap\u0131lm\u0131\u015ft\u0131r&#8221; denildi.<\/p>\n","protected":false},"excerpt":{"rendered":"<p>Van\u2019\u0131n Ba\u015fkale il\u00e7esinde jandarma ekiplerince y\u00fcr\u00fct\u00fclen \u00e7al\u0131\u015fmalar sonucunda 82 par\u00e7a g\u00fcmr\u00fcks\u00fcz ka\u00e7ak e\u015fya ve malzeme ele ge\u00e7irildi. &nbsp; Van Valili\u011finden yap\u0131lan a\u00e7\u0131klamada, \u0130l Jandarma Komutanl\u0131\u011f\u0131 Ka\u00e7ak\u00e7\u0131l\u0131k ve Organize Su\u00e7larla M\u00fccadele \u015eube M\u00fcd\u00fcrl\u00fc\u011f\u00fc, \u0130stihbarat \u015eube M\u00fcd\u00fcrl\u00fc\u011f\u00fc ve Ba\u015fkale \u0130l\u00e7e Jandarma Komutanl\u0131\u011f\u0131 ekiplerince y\u00fcr\u00fct\u00fclen \u00e7al\u0131\u015fmalar\u0131n devam etti\u011fi belirtildi. A\u00e7\u0131klamada, &#8220;Ba\u015fkale il\u00e7esi \u00c7aml\u0131k Mahallesi mevkisinde icra edilen yol [&hellip;]<\/p>\n","protected":false},"author":1,"featured_media":1068,"comment_status":"open","ping_status":"open","sticky":false,"template":"","format":"standard","meta":{"footnotes":""},"categories":[1,15,78,4,30],"tags":[110],"class_list":["post-1067","post","type-post","status-publish","format-standard","has-post-thumbnail","hentry","category-genel","category-gundem","category-manset","category-van-haber","category-yasam","tag-vanda-gumruk-kacakciligi-operasyonu"],"_links":{"self":[{"href":"https:\/\/vangoluhaber.com\/index.php\/wp-json\/wp\/v2\/posts\/1067","targetHints":{"allow":["GET"]}}],"collection":[{"href":"https:\/\/vangoluhaber.com\/index.php\/wp-json\/wp\/v2\/posts"}],"about":[{"href":"https:\/\/vangoluhaber.com\/index.php\/wp-json\/wp\/v2\/types\/post"}],"author":[{"embeddable":true,"href":"https:\/\/vangoluhaber.com\/index.php\/wp-json\/wp\/v2\/users\/1"}],"replies":[{"embeddable":true,"href":"https:\/\/vangoluhaber.com\/index.php\/wp-json\/wp\/v2\/comments?post=1067"}],"version-history":[{"count":1,"href":"https:\/\/vangoluhaber.com\/index.php\/wp-json\/wp\/v2\/posts\/1067\/revisions"}],"predecessor-version":[{"id":1069,"href":"https:\/\/vangoluhaber.com\/index.php\/wp-json\/wp\/v2\/posts\/1067\/revisions\/1069"}],"wp:featuredmedia":[{"embeddable":true,"href":"https:\/\/vangoluhaber.com\/index.php\/wp-json\/wp\/v2\/media\/1068"}],"wp:attachment":[{"href":"https:\/\/vangoluhaber.com\/index.php\/wp-json\/wp\/v2\/media?parent=1067"}],"wp:term":[{"taxonomy":"category","embeddable":true,"href":"https:\/\/vangoluhaber.com\/index.php\/wp-json\/wp\/v2\/categories?post=1067"},{"taxonomy":"post_tag","embeddable":true,"href":"https:\/\/vangoluhaber.com\/index.php\/wp-json\/wp\/v2\/tags?post=1067"}],"curies":[{"name":"wp","href":"https:\/\/api.w.org\/{rel}","templated":true}]}}