{"id":1088,"date":"2025-10-27T21:36:02","date_gmt":"2025-10-27T18:36:02","guid":{"rendered":"https:\/\/vangoluhaber.com\/?p=1088"},"modified":"2025-10-27T21:36:02","modified_gmt":"2025-10-27T18:36:02","slug":"vana-49-uzman-hekim-ve-20-hekim-olmak-uzere-toplam-69-yeni-kadro-tahsis-edildi","status":"publish","type":"post","link":"https:\/\/vangoluhaber.com\/index.php\/2025\/10\/27\/vana-49-uzman-hekim-ve-20-hekim-olmak-uzere-toplam-69-yeni-kadro-tahsis-edildi\/","title":{"rendered":"Van\u2019a 49 uzman hekim ve 20 hekim olmak \u00fczere toplam 69 yeni kadro tahsis edildi"},"content":{"rendered":"<p>Van\u2019a 49 uzman hekim ve 20 hekim olmak \u00fczere toplam 69 yeni kadro tahsis edildi.<\/p>\n<p>&nbsp;<\/p>\n<p>Sa\u011fl\u0131k Bakanl\u0131\u011f\u0131nca ger\u00e7ekle\u015ftirilen 125. Devlet Hizmeti Y\u00fck\u00fcml\u00fcl\u00fc\u011f\u00fc (DHY) Kuras\u0131 kapsam\u0131nda, Van\u2019a 49 uzman hekim ve 20 hekim olmak \u00fczere toplam 69 yeni kadro tahsis edildi.<\/p>\n<p>&nbsp;<\/p>\n<p>Van \u0130l Sa\u011fl\u0131k M\u00fcd\u00fcrl\u00fc\u011f\u00fcnden yap\u0131lan a\u00e7\u0131klamada, yeni atanan hekimlerin kentin farkl\u0131 il\u00e7elerinde g\u00f6reve ba\u015flayaca\u011f\u0131 belirtilerek, &#8220;\u0130limizde yeni g\u00f6revlerine ba\u015flayacak hekimlerimize ba\u015far\u0131lar dileriz&#8221; denildi.<\/p>\n<p>&nbsp;<\/p>\n<p>Yeni atamalarla birlikte kentteki sa\u011fl\u0131k kadrosu g\u00fc\u00e7lenirken, sa\u011fl\u0131k hizmetlerinin daha etkin ve eri\u015filebilir hale gelmesi hedefleniyor.<\/p>\n","protected":false},"excerpt":{"rendered":"<p>Van\u2019a 49 uzman hekim ve 20 hekim olmak \u00fczere toplam 69 yeni kadro tahsis edildi. &nbsp; Sa\u011fl\u0131k Bakanl\u0131\u011f\u0131nca ger\u00e7ekle\u015ftirilen 125. Devlet Hizmeti Y\u00fck\u00fcml\u00fcl\u00fc\u011f\u00fc (DHY) Kuras\u0131 kapsam\u0131nda, Van\u2019a 49 uzman hekim ve 20 hekim olmak \u00fczere toplam 69 yeni kadro tahsis edildi. &nbsp; Van \u0130l Sa\u011fl\u0131k M\u00fcd\u00fcrl\u00fc\u011f\u00fcnden yap\u0131lan a\u00e7\u0131klamada, yeni atanan hekimlerin kentin farkl\u0131 il\u00e7elerinde g\u00f6reve [&hellip;]<\/p>\n","protected":false},"author":1,"featured_media":1089,"comment_status":"open","ping_status":"open","sticky":false,"template":"","format":"standard","meta":{"footnotes":""},"categories":[1,15,20,78,4,30],"tags":[],"class_list":["post-1088","post","type-post","status-publish","format-standard","has-post-thumbnail","hentry","category-genel","category-gundem","category-hayat","category-manset","category-van-haber","category-yasam"],"_links":{"self":[{"href":"https:\/\/vangoluhaber.com\/index.php\/wp-json\/wp\/v2\/posts\/1088","targetHints":{"allow":["GET"]}}],"collection":[{"href":"https:\/\/vangoluhaber.com\/index.php\/wp-json\/wp\/v2\/posts"}],"about":[{"href":"https:\/\/vangoluhaber.com\/index.php\/wp-json\/wp\/v2\/types\/post"}],"author":[{"embeddable":true,"href":"https:\/\/vangoluhaber.com\/index.php\/wp-json\/wp\/v2\/users\/1"}],"replies":[{"embeddable":true,"href":"https:\/\/vangoluhaber.com\/index.php\/wp-json\/wp\/v2\/comments?post=1088"}],"version-history":[{"count":1,"href":"https:\/\/vangoluhaber.com\/index.php\/wp-json\/wp\/v2\/posts\/1088\/revisions"}],"predecessor-version":[{"id":1090,"href":"https:\/\/vangoluhaber.com\/index.php\/wp-json\/wp\/v2\/posts\/1088\/revisions\/1090"}],"wp:featuredmedia":[{"embeddable":true,"href":"https:\/\/vangoluhaber.com\/index.php\/wp-json\/wp\/v2\/media\/1089"}],"wp:attachment":[{"href":"https:\/\/vangoluhaber.com\/index.php\/wp-json\/wp\/v2\/media?parent=1088"}],"wp:term":[{"taxonomy":"category","embeddable":true,"href":"https:\/\/vangoluhaber.com\/index.php\/wp-json\/wp\/v2\/categories?post=1088"},{"taxonomy":"post_tag","embeddable":true,"href":"https:\/\/vangoluhaber.com\/index.php\/wp-json\/wp\/v2\/tags?post=1088"}],"curies":[{"name":"wp","href":"https:\/\/api.w.org\/{rel}","templated":true}]}}