{"id":1142,"date":"2025-11-07T21:32:51","date_gmt":"2025-11-07T18:32:51","guid":{"rendered":"https:\/\/vangoluhaber.com\/?p=1142"},"modified":"2025-11-07T21:32:51","modified_gmt":"2025-11-07T18:32:51","slug":"kitap-van-projesi-kapsaminda-her-yil-duzenlenen-4-buyuk-kitap-okuma-yarismasinin-bu-yilki-ilk-etabi-tamamlandi","status":"publish","type":"post","link":"https:\/\/vangoluhaber.com\/index.php\/2025\/11\/07\/kitap-van-projesi-kapsaminda-her-yil-duzenlenen-4-buyuk-kitap-okuma-yarismasinin-bu-yilki-ilk-etabi-tamamlandi\/","title":{"rendered":"&#8220;Kitap Van Projesi&#8221; kapsam\u0131nda her y\u0131l d\u00fczenlenen &#8220;4 B\u00fcy\u00fck Kitap Okuma Yar\u0131\u015fmas\u0131&#8221;n\u0131n bu y\u0131lki ilk etab\u0131 tamamland\u0131"},"content":{"rendered":"<p>Van Valili\u011fi himayelerinde y\u00fcr\u00fct\u00fclen &#8220;Kitap Van Projesi&#8221; kapsam\u0131nda her y\u0131l d\u00fczenlenen &#8220;4 B\u00fcy\u00fck Kitap Okuma Yar\u0131\u015fmas\u0131&#8221;n\u0131n bu y\u0131lki ilk etab\u0131 tamamland\u0131.<\/p>\n<p>&nbsp;<\/p>\n<p>Van genelindeki t\u00fcm kategorilerden \u00f6\u011frencilerin ve yeti\u015fkinlerin kat\u0131l\u0131m\u0131yla ger\u00e7ekle\u015ftirilen yar\u0131\u015fmada, il\u00e7elerde birinci olan adaylar il d\u00fczeyinde dereceye girebilmek i\u00e7in yar\u0131\u015ft\u0131. Okul \u00f6ncesinden 12. s\u0131n\u0131fa kadar t\u00fcm kademelerdeki \u00f6\u011frenciler ile yeti\u015fkinlerin yer ald\u0131\u011f\u0131 yar\u0131\u015fma, yo\u011fun kat\u0131l\u0131m\u0131yla Selahattin Eyyubi Lisesi yan\u0131nda bulunan Kitap Van Proje Ofisinde yap\u0131ld\u0131.<\/p>\n<p>&nbsp;<\/p>\n<p>Konuya ili\u015fkin konu\u015fan Kitap Van \u0130l Koordinat\u00f6r\u00fc G\u00f6khan Arslan, projenin Van Valisi Ozan Balc\u0131\u2019n\u0131n \u00f6nc\u00fcl\u00fc\u011f\u00fcnde titizlikle y\u00fcr\u00fct\u00fcld\u00fc\u011f\u00fcn\u00fc belirtti. Arslan, &#8220;Bu y\u0131l da ilkini d\u00fczenledi\u011fimiz kitap okuma yar\u0131\u015fmas\u0131n\u0131, il\u00e7e birincilerimizin kat\u0131l\u0131m\u0131yla ger\u00e7ekle\u015ftirmi\u015f bulunuyoruz. Her il\u00e7emizde belirlenen birinciler, burada yap\u0131lan il finaline kat\u0131lmaktad\u0131r. Anaokulundan 12. s\u0131n\u0131fa kadar t\u00fcm \u00f6\u011frencilerimizin ve hatta yeti\u015fkinlerin de dahil oldu\u011fu bu s\u0131nav\u0131 b\u00fcy\u00fck bir \u00f6zenle yap\u0131yor, sonucunda il birincilerimizi belirliyoruz. Dereceye giren \u00f6\u011frencilerimiz, Valimizin kat\u0131l\u0131m\u0131yla ger\u00e7ekle\u015ftirilen b\u00fcy\u00fck bir \u00f6d\u00fcl t\u00f6reninde tebrik edilerek \u00f6d\u00fcllendirilmektedir&#8221; dedi.<\/p>\n<p>&nbsp;<\/p>\n<p>Yar\u0131\u015fmalar\u0131n temel amac\u0131n\u0131n kitap okuma al\u0131\u015fkanl\u0131\u011f\u0131n\u0131 yayg\u0131nla\u015ft\u0131rmak oldu\u011funu dile getiren Arslan, &#8220;Bu yar\u0131\u015fmalar\u0131n as\u0131l amac\u0131, kitap okuma al\u0131\u015fkanl\u0131\u011f\u0131n\u0131 yayg\u0131nla\u015ft\u0131rmak ve \u00f6\u011frencilerimizi nitelikli eserlerle bulu\u015fturmakt\u0131r. Yar\u0131\u015fma s\u00fcreci de olduk\u00e7a kapsay\u0131c\u0131 bir \u015fekilde ilerliyor: \u00d6ncelikle her okulda birinciler belirleniyor, ard\u0131ndan okul birincileri il\u00e7e s\u0131nav\u0131na kat\u0131l\u0131yor. \u0130l\u00e7e d\u00fczeyinde dereceye giren \u00f6\u011frencilerimiz ise il s\u0131nav\u0131nda yar\u0131\u015farak Van genelindeki derecelerini al\u0131yorlar. Bu \u015fekilde, tabandan tavana bir ilerleyi\u015f sa\u011flayarak herkesin s\u00fcrece dahil olmas\u0131n\u0131 ama\u00e7l\u0131yoruz. Bu y\u0131l itibariyle t\u00fcm okullar\u0131n yakla\u015f\u0131k y\u00fczde 80\u2019inin kat\u0131l\u0131m\u0131n\u0131 sa\u011flam\u0131\u015f bulunuyoruz. \u015eu an burada bulunan \u00f6\u011frencilerimiz, kendi il\u00e7elerinde birinci olmu\u015f ve il d\u00fczeyinde yar\u0131\u015fmaya hak kazanm\u0131\u015f \u00f6\u011frencilerdir&#8221; diye konu\u015ftu.<\/p>\n<p>&nbsp;<\/p>\n<p>Yar\u0131\u015fmada 69 \u00f6\u011frenci ve 13 yeti\u015fkin aday\u0131n yer ald\u0131\u011f\u0131n\u0131 ifade eden Kitap Van Proje Y\u00fcr\u00fct\u00fcc\u00fcs\u00fc Aylin G\u00f6ko\u011flu ise &#8220;13 farkl\u0131 il\u00e7emizden gelen il\u00e7e birincilerimiz, il genelinde yap\u0131lacak yar\u0131\u015fmada birincilik elde etmek i\u00e7in yar\u0131\u015facaklard\u0131r. Bug\u00fcn s\u0131nav\u0131m\u0131z\u0131 ger\u00e7ekle\u015ftirece\u011fiz ve ard\u0131ndan \u00f6d\u00fcl t\u00f6renimizi d\u00fczenleyece\u011fiz. Her kademede dereceye giren, yani birinci, ikinci ve \u00fc\u00e7\u00fcnc\u00fc olan kat\u0131l\u0131mc\u0131lar\u0131m\u0131za \u00f6d\u00fclleri takdim edilecektir&#8221; \u015feklinde konu\u015ftu.<\/p>\n","protected":false},"excerpt":{"rendered":"<p>Van Valili\u011fi himayelerinde y\u00fcr\u00fct\u00fclen &#8220;Kitap Van Projesi&#8221; kapsam\u0131nda her y\u0131l d\u00fczenlenen &#8220;4 B\u00fcy\u00fck Kitap Okuma Yar\u0131\u015fmas\u0131&#8221;n\u0131n bu y\u0131lki ilk etab\u0131 tamamland\u0131. &nbsp; Van genelindeki t\u00fcm kategorilerden \u00f6\u011frencilerin ve yeti\u015fkinlerin kat\u0131l\u0131m\u0131yla ger\u00e7ekle\u015ftirilen yar\u0131\u015fmada, il\u00e7elerde birinci olan adaylar il d\u00fczeyinde dereceye girebilmek i\u00e7in yar\u0131\u015ft\u0131. Okul \u00f6ncesinden 12. s\u0131n\u0131fa kadar t\u00fcm kademelerdeki \u00f6\u011frenciler ile yeti\u015fkinlerin yer ald\u0131\u011f\u0131 yar\u0131\u015fma, [&hellip;]<\/p>\n","protected":false},"author":1,"featured_media":1143,"comment_status":"open","ping_status":"open","sticky":false,"template":"","format":"standard","meta":{"footnotes":""},"categories":[1,15,78,4,30],"tags":[264],"class_list":["post-1142","post","type-post","status-publish","format-standard","has-post-thumbnail","hentry","category-genel","category-gundem","category-manset","category-van-haber","category-yasam","tag-kitap-van-projesi-kapsaminda-her-yil-duzenlenen-4-buyuk-kitap-okuma-yarismasinin-bu-yilki-ilk-etabi-tamamlandi"],"_links":{"self":[{"href":"https:\/\/vangoluhaber.com\/index.php\/wp-json\/wp\/v2\/posts\/1142","targetHints":{"allow":["GET"]}}],"collection":[{"href":"https:\/\/vangoluhaber.com\/index.php\/wp-json\/wp\/v2\/posts"}],"about":[{"href":"https:\/\/vangoluhaber.com\/index.php\/wp-json\/wp\/v2\/types\/post"}],"author":[{"embeddable":true,"href":"https:\/\/vangoluhaber.com\/index.php\/wp-json\/wp\/v2\/users\/1"}],"replies":[{"embeddable":true,"href":"https:\/\/vangoluhaber.com\/index.php\/wp-json\/wp\/v2\/comments?post=1142"}],"version-history":[{"count":1,"href":"https:\/\/vangoluhaber.com\/index.php\/wp-json\/wp\/v2\/posts\/1142\/revisions"}],"predecessor-version":[{"id":1144,"href":"https:\/\/vangoluhaber.com\/index.php\/wp-json\/wp\/v2\/posts\/1142\/revisions\/1144"}],"wp:featuredmedia":[{"embeddable":true,"href":"https:\/\/vangoluhaber.com\/index.php\/wp-json\/wp\/v2\/media\/1143"}],"wp:attachment":[{"href":"https:\/\/vangoluhaber.com\/index.php\/wp-json\/wp\/v2\/media?parent=1142"}],"wp:term":[{"taxonomy":"category","embeddable":true,"href":"https:\/\/vangoluhaber.com\/index.php\/wp-json\/wp\/v2\/categories?post=1142"},{"taxonomy":"post_tag","embeddable":true,"href":"https:\/\/vangoluhaber.com\/index.php\/wp-json\/wp\/v2\/tags?post=1142"}],"curies":[{"name":"wp","href":"https:\/\/api.w.org\/{rel}","templated":true}]}}