{"id":229,"date":"2025-01-01T01:29:12","date_gmt":"2024-12-31T22:29:12","guid":{"rendered":"http:\/\/vangoluhaber.com\/?p=229"},"modified":"2025-01-01T01:30:25","modified_gmt":"2024-12-31T22:30:25","slug":"vanda-11-duzensiz-gocmen-ile-2-organizator-yakalandi","status":"publish","type":"post","link":"https:\/\/vangoluhaber.com\/index.php\/2025\/01\/01\/vanda-11-duzensiz-gocmen-ile-2-organizator-yakalandi\/","title":{"rendered":"Van\u2019da 11 d\u00fczensiz g\u00f6\u00e7men ile 2 organizat\u00f6r yakaland\u0131"},"content":{"rendered":"<p>Van\u2019\u0131n Erci\u015f il\u00e7esinde jandarma ekipleri taraf\u0131ndan bir otomobilde yap\u0131lan aramada 11 d\u00fczensiz g\u00f6\u00e7men yakalan\u0131rken, 2 organizat\u00f6r tutukland\u0131.<\/p>\n<p>&nbsp;<\/p>\n<p>Van \u0130l Jandarma Komutanl\u0131\u011f\u0131\u2019na ba\u011fl\u0131 Ercil \u0130l\u00e7e Jandarma Komutanl\u0131\u011f\u0131 ekipleri, g\u00f6\u00e7men ka\u00e7ak\u00e7\u0131l\u0131\u011f\u0131 ile m\u00fccadele \u00e7al\u0131\u015fmalar\u0131 aral\u0131ks\u0131z devam ediyor. Bu \u00e7al\u0131\u015fmalar \u00e7er\u00e7evesinde devriye faaliyeti esnas\u0131nda \u015f\u00fcphe \u00fczerine durdurulan otomobilde arama yap\u0131ld\u0131. Yap\u0131lan aramada otomobil i\u00e7erisinde yap\u0131lan aramalar neticesinde \u00fclkeye yasad\u0131\u015f\u0131 yollarla giren 11 d\u00fczensiz g\u00f6\u00e7men yakaland\u0131. Erci\u015f Cumhuriyet Ba\u015fsavc\u0131l\u0131\u011f\u0131n\u0131n talimat\u0131yla g\u00f6\u00e7men ka\u00e7ak\u00e7\u0131l\u0131\u011f\u0131 \u015f\u00fcphesiyle g\u00f6zalt\u0131na al\u0131nan 2 \u015f\u00fcpheli Erci\u015f Sulh Ceza Hakimli\u011fince tutuklanm\u0131\u015ft\u0131r. Ka\u00e7ak g\u00f6\u00e7menler ise Van \u0130l G\u00f6\u00e7 \u0130daresi M\u00fcd\u00fcrl\u00fc\u011f\u00fc Geri G\u00f6nderme Merkezi\u2019ne teslim edildi.<\/p>\n","protected":false},"excerpt":{"rendered":"<p>Van\u2019\u0131n Erci\u015f il\u00e7esinde jandarma ekipleri taraf\u0131ndan bir otomobilde yap\u0131lan aramada 11 d\u00fczensiz g\u00f6\u00e7men yakalan\u0131rken, 2 organizat\u00f6r tutukland\u0131. &nbsp; Van \u0130l Jandarma Komutanl\u0131\u011f\u0131\u2019na ba\u011fl\u0131 Ercil \u0130l\u00e7e Jandarma Komutanl\u0131\u011f\u0131 ekipleri, g\u00f6\u00e7men ka\u00e7ak\u00e7\u0131l\u0131\u011f\u0131 ile m\u00fccadele \u00e7al\u0131\u015fmalar\u0131 aral\u0131ks\u0131z devam ediyor. Bu \u00e7al\u0131\u015fmalar \u00e7er\u00e7evesinde devriye faaliyeti esnas\u0131nda \u015f\u00fcphe \u00fczerine durdurulan otomobilde arama yap\u0131ld\u0131. Yap\u0131lan aramada otomobil i\u00e7erisinde yap\u0131lan aramalar neticesinde [&hellip;]<\/p>\n","protected":false},"author":1,"featured_media":230,"comment_status":"open","ping_status":"open","sticky":false,"template":"","format":"standard","meta":{"footnotes":""},"categories":[1,15,78,4],"tags":[80],"class_list":["post-229","post","type-post","status-publish","format-standard","has-post-thumbnail","hentry","category-genel","category-gundem","category-manset","category-van-haber","tag-vanda-11-duzensiz-gocmen-ile-2-organizator-yakalandi"],"_links":{"self":[{"href":"https:\/\/vangoluhaber.com\/index.php\/wp-json\/wp\/v2\/posts\/229","targetHints":{"allow":["GET"]}}],"collection":[{"href":"https:\/\/vangoluhaber.com\/index.php\/wp-json\/wp\/v2\/posts"}],"about":[{"href":"https:\/\/vangoluhaber.com\/index.php\/wp-json\/wp\/v2\/types\/post"}],"author":[{"embeddable":true,"href":"https:\/\/vangoluhaber.com\/index.php\/wp-json\/wp\/v2\/users\/1"}],"replies":[{"embeddable":true,"href":"https:\/\/vangoluhaber.com\/index.php\/wp-json\/wp\/v2\/comments?post=229"}],"version-history":[{"count":1,"href":"https:\/\/vangoluhaber.com\/index.php\/wp-json\/wp\/v2\/posts\/229\/revisions"}],"predecessor-version":[{"id":231,"href":"https:\/\/vangoluhaber.com\/index.php\/wp-json\/wp\/v2\/posts\/229\/revisions\/231"}],"wp:featuredmedia":[{"embeddable":true,"href":"https:\/\/vangoluhaber.com\/index.php\/wp-json\/wp\/v2\/media\/230"}],"wp:attachment":[{"href":"https:\/\/vangoluhaber.com\/index.php\/wp-json\/wp\/v2\/media?parent=229"}],"wp:term":[{"taxonomy":"category","embeddable":true,"href":"https:\/\/vangoluhaber.com\/index.php\/wp-json\/wp\/v2\/categories?post=229"},{"taxonomy":"post_tag","embeddable":true,"href":"https:\/\/vangoluhaber.com\/index.php\/wp-json\/wp\/v2\/tags?post=229"}],"curies":[{"name":"wp","href":"https:\/\/api.w.org\/{rel}","templated":true}]}}