{"id":233,"date":"2025-01-01T01:33:14","date_gmt":"2024-12-31T22:33:14","guid":{"rendered":"http:\/\/vangoluhaber.com\/?p=233"},"modified":"2025-01-01T01:33:14","modified_gmt":"2024-12-31T22:33:14","slug":"van-yyude-kent-ici-rayli-sistem-semineri-duzenlendi","status":"publish","type":"post","link":"https:\/\/vangoluhaber.com\/index.php\/2025\/01\/01\/van-yyude-kent-ici-rayli-sistem-semineri-duzenlendi\/","title":{"rendered":"Van YY\u00dc\u2019de \u2018Kent \u0130\u00e7i Rayl\u0131 Sistem\u2019 semineri d\u00fczenlendi"},"content":{"rendered":"<p>Van Y\u00fcz\u00fcnc\u00fc Y\u0131l \u00dcniversitesinde (YY\u00dc) rayl\u0131 sistem \u00e7al\u0131\u015fmalar\u0131 \u00e7er\u00e7evesinde \u2018Kent \u0130\u00e7i Rayl\u0131 Sistem\u2019 semineri d\u00fczenlendi.<\/p>\n<p>&nbsp;<\/p>\n<p>Van YY\u00dc, Zeve Kamp\u00fcs\u00fc\u2019n\u00fcn ula\u015f\u0131m altyap\u0131s\u0131n\u0131 g\u00fc\u00e7lendirme \u00e7al\u0131\u015fmalar\u0131 \u00e7er\u00e7evesinde \u201cKent \u0130\u00e7i Rayl\u0131 Sistem\u201d semineri ger\u00e7ekle\u015ftirildi. Demiryolu ve Rayl\u0131 Sistem Uzmanlar\u0131 \u015eeyhmuz Oktar ile Levent Durusoy\u2019un konu\u015fmac\u0131 olarak kat\u0131ld\u0131\u011f\u0131 etkinlik, Prof. Dr. Nihat Bay\u015fu Konferans Salonu\u2019nda ger\u00e7ekle\u015ftirildi. Seminere, Mimarl\u0131k ve Tasar\u0131m Fak\u00fcltesi \u015eehir ve B\u00f6lge Planlama \u00f6\u011frencilerinin yan\u0131 s\u0131ra \u00fcniversitenin farkl\u0131 b\u00f6l\u00fcmlerinden \u00e7ok say\u0131da \u00f6\u011frenci ve akademisyen ilgi g\u00f6sterdi.<\/p>\n<p>&nbsp;<\/p>\n<p>Etkinli\u011fe kat\u0131lan Van YY\u00dc Rekt\u00f6r\u00fc Prof. Dr. Hamdullah \u015eevli, kamp\u00fcs\u00fcn geli\u015fimi ve ula\u015f\u0131m altyap\u0131s\u0131yla ilgili \u00f6nemli a\u00e7\u0131klamalarda bulundu. Konu\u015fmas\u0131nda \u00fcniversitenin 2019 y\u0131l\u0131nda ger\u00e7ekle\u015ftirilen master plan\u0131na de\u011finen \u015eevli, bu plan kapsam\u0131nda 2020\u2019den itibaren hayata ge\u00e7irilen ana ula\u015f\u0131m projelerini anlatt\u0131. OSB Kav\u015fa\u011f\u0131\u2019ndaki yeni yol \u00e7al\u0131\u015fmalar\u0131 ve kamp\u00fcs\u00fcn ana giri\u015findeki d\u00fczenlemeler ile Erci\u015f Yolu\u2019na yap\u0131lmas\u0131 planlanan ba\u011flant\u0131lar hakk\u0131nda bilgi veren \u015eevli, hastane ve \u00fcniversite i\u00e7indeki farkl\u0131 b\u00f6lgelerin ula\u015f\u0131m hatlar\u0131n\u0131n ayr\u0131lmas\u0131n\u0131n ama\u00e7land\u0131\u011f\u0131n\u0131 vurgulad\u0131. Minib\u00fcsler ve otob\u00fcsler i\u00e7in ayr\u0131 hatlar\u0131n olu\u015fturulmas\u0131na y\u00f6nelik altyap\u0131 \u00e7al\u0131\u015fmalar\u0131n\u0131n b\u00fcy\u00fck oranda tamamland\u0131\u011f\u0131n\u0131 belirten Rekt\u00f6r \u015eevli, \u201c\u00d6zellikle b\u00fcy\u00fck ve geni\u015f alana yay\u0131lan kamp\u00fcste, k\u0131\u015f aylar\u0131nda y\u00fcr\u00fcmek zorla\u015ft\u0131\u011f\u0131 i\u00e7in rayl\u0131 sistem projelerini g\u00fcndeme ald\u0131k. Kamp\u00fcs i\u00e7erisinde bir nostaljik tramvay ya da hafif rayl\u0131 sistem planl\u0131yoruz. Bu proje, Taksim-Beyo\u011flu\u2019ndaki nostaljik tramvay modeliyle benzer olabilir. \u015eu anda projelendirme \u00e7al\u0131\u015fmalar\u0131n\u0131 s\u00fcrd\u00fcr\u00fcyoruz ve yak\u0131n zamanda daha somut ad\u0131mlar atmay\u0131 planl\u0131yoruz\u201d dedi.<\/p>\n<p>&nbsp;<\/p>\n<p>\u015eehir ve kamp\u00fcs aras\u0131ndaki mesafeleri k\u0131saltmak ad\u0131na rayl\u0131 bir ula\u015f\u0131m hatt\u0131n\u0131n de\u011ferlendirildi\u011fini belirten \u015eevli, \u00fcniversitenin \u2018Sa\u011fl\u0131k Adas\u0131\u2019 olarak adland\u0131r\u0131lan yeni alanlar\u0131nda, Di\u015f Hekimli\u011fi Fak\u00fcltesi, T\u0131p Fak\u00fcltesi ve Hayvan Hastanesi gibi birimlerin bir araya getirilece\u011fini de s\u00f6zlerine ekledi.<\/p>\n<p>&nbsp;<\/p>\n<p>Seminer kapsam\u0131nda sunumunu ger\u00e7ekle\u015ftiren Rayl\u0131 Sistem Uzman\u0131 \u015eeyhmuz Oktar ise kent i\u00e7i ula\u015f\u0131mda toplu ta\u015f\u0131man\u0131n \u00f6nemine ve rayl\u0131 sistemlerin avantajlar\u0131na de\u011findi. Oktar, rayl\u0131 sistemlerin tarihi geli\u015fimini anlatarak, \u00e7evre dostu, g\u00fcvenli ve konforlu olmas\u0131, d\u00fc\u015f\u00fck maliyetli ve y\u00fcksek yolcu kapasitesine sahip olmas\u0131 gibi y\u00f6nleriyle toplu ta\u015f\u0131mada \u00f6ncelikli bir \u00e7\u00f6z\u00fcm sundu\u011funu vurgulad\u0131. Toplu ta\u015f\u0131maya ge\u00e7i\u015fin bireysel ara\u00e7 kullan\u0131m\u0131 ve bunun \u00e7evresel etkilerini azaltmadaki rol\u00fcne dikkat \u00e7eken Oktar, T\u00fcrkiye\u2019deki rayl\u0131 sistemlerin mevcut durumu ve \u015fehirler baz\u0131nda kullan\u0131m oranlar\u0131 hakk\u0131nda bilgiler verdi.<\/p>\n<p>&nbsp;<\/p>\n<p>Rayl\u0131 Sistem Uzman\u0131 Levent Durusoy da, rayl\u0131 ta\u015f\u0131mac\u0131l\u0131\u011f\u0131n tarihi geli\u015fiminden, ekonomik ve \u00e7evresel avantajlar\u0131ndan bahsetti. B\u00fcy\u00fck \u015fehirlerde tramvay ve metro projelerinin trafik sorunlar\u0131n\u0131 \u00e7\u00f6zmedeki etkilerini \u00f6rneklerle a\u00e7\u0131klayan Durusoy, \u00fcniversite i\u00e7inde rayl\u0131 sistem kurma fikrinin hem g\u00fcvenli hem ekonomik hem de \u00e7evre dostu bir \u00e7\u00f6z\u00fcm sundu\u011funu belirtti. \u00dcniversitedeki ziyaret s\u0131ras\u0131nda rayl\u0131 sistem g\u00fczerg\u00e2hlar\u0131 \u00fczerinde inceleme yapt\u0131klar\u0131n\u0131 da payla\u015fan Durusoy, \u00fcniversite ve \u015fehirde rayl\u0131 sistemlerin yayg\u0131nla\u015ft\u0131r\u0131lmas\u0131n\u0131n faydalar\u0131n\u0131 vurgulayarak, insanlar\u0131n s\u0131cak ve g\u00fcvenli bir ortamda seyahat edebilece\u011fi bir ula\u015f\u0131m altyap\u0131s\u0131n\u0131n \u00f6nemini dile getirdi.<\/p>\n<p>&nbsp;<\/p>\n<p>Seminer, \u00f6\u011frencilerin ve akademisyenlerin sorular\u0131yla interaktif bir hale gelmesinin ard\u0131ndan son buldu.<\/p>\n<p>&nbsp;<\/p>\n","protected":false},"excerpt":{"rendered":"<p>Van Y\u00fcz\u00fcnc\u00fc Y\u0131l \u00dcniversitesinde (YY\u00dc) rayl\u0131 sistem \u00e7al\u0131\u015fmalar\u0131 \u00e7er\u00e7evesinde \u2018Kent \u0130\u00e7i Rayl\u0131 Sistem\u2019 semineri d\u00fczenlendi. &nbsp; Van YY\u00dc, Zeve Kamp\u00fcs\u00fc\u2019n\u00fcn ula\u015f\u0131m altyap\u0131s\u0131n\u0131 g\u00fc\u00e7lendirme \u00e7al\u0131\u015fmalar\u0131 \u00e7er\u00e7evesinde \u201cKent \u0130\u00e7i Rayl\u0131 Sistem\u201d semineri ger\u00e7ekle\u015ftirildi. Demiryolu ve Rayl\u0131 Sistem Uzmanlar\u0131 \u015eeyhmuz Oktar ile Levent Durusoy\u2019un konu\u015fmac\u0131 olarak kat\u0131ld\u0131\u011f\u0131 etkinlik, Prof. Dr. Nihat Bay\u015fu Konferans Salonu\u2019nda ger\u00e7ekle\u015ftirildi. Seminere, Mimarl\u0131k ve [&hellip;]<\/p>\n","protected":false},"author":1,"featured_media":234,"comment_status":"open","ping_status":"open","sticky":false,"template":"","format":"standard","meta":{"footnotes":""},"categories":[1],"tags":[81],"class_list":["post-233","post","type-post","status-publish","format-standard","has-post-thumbnail","hentry","category-genel","tag-van-yyude-kent-ici-rayli-sistem-semineri-duzenlendi"],"_links":{"self":[{"href":"https:\/\/vangoluhaber.com\/index.php\/wp-json\/wp\/v2\/posts\/233","targetHints":{"allow":["GET"]}}],"collection":[{"href":"https:\/\/vangoluhaber.com\/index.php\/wp-json\/wp\/v2\/posts"}],"about":[{"href":"https:\/\/vangoluhaber.com\/index.php\/wp-json\/wp\/v2\/types\/post"}],"author":[{"embeddable":true,"href":"https:\/\/vangoluhaber.com\/index.php\/wp-json\/wp\/v2\/users\/1"}],"replies":[{"embeddable":true,"href":"https:\/\/vangoluhaber.com\/index.php\/wp-json\/wp\/v2\/comments?post=233"}],"version-history":[{"count":1,"href":"https:\/\/vangoluhaber.com\/index.php\/wp-json\/wp\/v2\/posts\/233\/revisions"}],"predecessor-version":[{"id":235,"href":"https:\/\/vangoluhaber.com\/index.php\/wp-json\/wp\/v2\/posts\/233\/revisions\/235"}],"wp:featuredmedia":[{"embeddable":true,"href":"https:\/\/vangoluhaber.com\/index.php\/wp-json\/wp\/v2\/media\/234"}],"wp:attachment":[{"href":"https:\/\/vangoluhaber.com\/index.php\/wp-json\/wp\/v2\/media?parent=233"}],"wp:term":[{"taxonomy":"category","embeddable":true,"href":"https:\/\/vangoluhaber.com\/index.php\/wp-json\/wp\/v2\/categories?post=233"},{"taxonomy":"post_tag","embeddable":true,"href":"https:\/\/vangoluhaber.com\/index.php\/wp-json\/wp\/v2\/tags?post=233"}],"curies":[{"name":"wp","href":"https:\/\/api.w.org\/{rel}","templated":true}]}}