{"id":264,"date":"2025-01-01T21:26:54","date_gmt":"2025-01-01T18:26:54","guid":{"rendered":"http:\/\/vangoluhaber.com\/?p=264"},"modified":"2025-01-01T21:26:54","modified_gmt":"2025-01-01T18:26:54","slug":"van-valisi-ozan-balcidan-yeni-yil-mesaji","status":"publish","type":"post","link":"https:\/\/vangoluhaber.com\/index.php\/2025\/01\/01\/van-valisi-ozan-balcidan-yeni-yil-mesaji\/","title":{"rendered":"Van Valisi Ozan Balc\u0131&#8217;dan yeni y\u0131l mesaj\u0131"},"content":{"rendered":"<p>Van Valisi Ozan Balc\u0131, yeni y\u0131l dolay\u0131s\u0131yla mesaj yay\u0131mlad\u0131.<\/p>\n<p>&nbsp;<\/p>\n<p>Balc\u0131, mesaj\u0131nda, her yeni y\u0131l\u0131n yeni bir ba\u015flang\u0131\u00e7 oldu\u011funu, umutlar\u0131 ve beklentileri beraberinde getirdi\u011fini belirtti.<\/p>\n<p>&nbsp;<\/p>\n<p>Yeni y\u0131lda \u00e7ocuklar\u0131n ve gen\u00e7lerin gelece\u011fe g\u00fcvenle bakabilmeleri i\u00e7in e\u011fitimden sa\u011fl\u0131\u011fa, sosyal hizmetlerden k\u00fclt\u00fcr turizme, ileti\u015fimden ula\u015f\u0131ma, hayata ve ya\u015fama dair her alanda \u00e7al\u0131\u015fmalar\u0131n\u0131 s\u00fcrd\u00fcreceklerini vurgulayan Balc\u0131, \u015funlar\u0131 kaydetti:<\/p>\n<div class=\"page-break w-full it-item it-active\" data-it=\"{&quot;index&quot;:2,&quot;id&quot;:0,&quot;tracker&quot;:[{&quot;type&quot;:&quot;history&quot;,&quot;parameter&quot;:&quot;page&quot;,&quot;url&quot;:2},{&quot;type&quot;:&quot;google&quot;},{&quot;type&quot;:&quot;gemius&quot;,&quot;variable&quot;:&quot;gemiusID&quot;,&quot;id&quot;:&quot;&quot;}]}\">\n<p>&nbsp;<\/p>\n<p>&#8220;Yeni y\u0131lda, devletimizin b\u00fct\u00fcn imkan, kabiliyet ve potansiyelini kullanarak y\u00fcr\u00fctt\u00fc\u011f\u00fcm\u00fcz projelerle, Van&#8217;\u0131n her y\u00f6n\u00fcyle geli\u015fmesi en \u00f6nemli hedefimiz olacakt\u0131r. Bu konuda, t\u00fcm kurumlar, sivil toplum kurulu\u015flar\u0131 ve \u015fehrimizin b\u00fct\u00fcn payda\u015flar\u0131 en b\u00fcy\u00fck g\u00fcc\u00fcm\u00fczd\u00fcr. Bu birlik ve beraberlik ruhunun 2025 y\u0131l\u0131nda da devam edece\u011fine inanc\u0131m\u0131z tamd\u0131r. Devlet ve millet olarak amac\u0131m\u0131z, bu g\u00fczel vatan topraklar\u0131 \u00fczerinde, bu \u015fanl\u0131 bayra\u011f\u0131n alt\u0131nda, el ele, omuz omuza, g\u00f6n\u00fcl g\u00f6n\u00fcle ve karde\u015f\u00e7e, huzura ve bar\u0131\u015fa olan inanc\u0131m\u0131z\u0131 tazeleyerek, \u00fclkemizin geli\u015fimine katk\u0131 sa\u011flamakt\u0131r.&#8221;<\/p>\n<\/div>\n<div class=\"page-break w-full it-item\" data-it=\"{&quot;index&quot;:3,&quot;id&quot;:0,&quot;tracker&quot;:[{&quot;type&quot;:&quot;history&quot;,&quot;parameter&quot;:&quot;page&quot;,&quot;url&quot;:3},{&quot;type&quot;:&quot;google&quot;},{&quot;type&quot;:&quot;gemius&quot;,&quot;variable&quot;:&quot;gemiusID&quot;,&quot;id&quot;:&quot;&quot;}]}\">\n<p>&nbsp;<\/p>\n<p>Vatanda\u015flar\u0131n yeni y\u0131l\u0131n\u0131 kutlayan Balc\u0131, &#8220;Yeni y\u0131l\u0131n \u00f6ncekilerden daha bereketli, sa\u011fl\u0131k ve afiyet i\u00e7inde ge\u00e7mesini temenni ediyorum. \u015eehitlerimizi rahmetle anarken, gazilerimize de \u015f\u00fckranlar\u0131m\u0131 sunuyorum. Vatan ve millet ad\u0131na g\u00f6rev yapan t\u00fcm kahramanlar\u0131m\u0131za da kolayl\u0131klar ve ba\u015far\u0131lar diliyorum. T\u00fcm Vanl\u0131 hem\u015ferilerimize sa\u011fl\u0131k, afiyet ve esenlikler diliyorum.&#8221; ifadelerini kulland\u0131.<\/p>\n<\/div>\n","protected":false},"excerpt":{"rendered":"<p>Van Valisi Ozan Balc\u0131, yeni y\u0131l dolay\u0131s\u0131yla mesaj yay\u0131mlad\u0131. &nbsp; Balc\u0131, mesaj\u0131nda, her yeni y\u0131l\u0131n yeni bir ba\u015flang\u0131\u00e7 oldu\u011funu, umutlar\u0131 ve beklentileri beraberinde getirdi\u011fini belirtti. &nbsp; Yeni y\u0131lda \u00e7ocuklar\u0131n ve gen\u00e7lerin gelece\u011fe g\u00fcvenle bakabilmeleri i\u00e7in e\u011fitimden sa\u011fl\u0131\u011fa, sosyal hizmetlerden k\u00fclt\u00fcr turizme, ileti\u015fimden ula\u015f\u0131ma, hayata ve ya\u015fama dair her alanda \u00e7al\u0131\u015fmalar\u0131n\u0131 s\u00fcrd\u00fcreceklerini vurgulayan Balc\u0131, \u015funlar\u0131 kaydetti: [&hellip;]<\/p>\n","protected":false},"author":1,"featured_media":265,"comment_status":"open","ping_status":"open","sticky":false,"template":"","format":"standard","meta":{"footnotes":""},"categories":[1,15,78,4],"tags":[87],"class_list":["post-264","post","type-post","status-publish","format-standard","has-post-thumbnail","hentry","category-genel","category-gundem","category-manset","category-van-haber","tag-van-valisi-ozan-balcidan-yeni-yil-mesaji"],"_links":{"self":[{"href":"https:\/\/vangoluhaber.com\/index.php\/wp-json\/wp\/v2\/posts\/264","targetHints":{"allow":["GET"]}}],"collection":[{"href":"https:\/\/vangoluhaber.com\/index.php\/wp-json\/wp\/v2\/posts"}],"about":[{"href":"https:\/\/vangoluhaber.com\/index.php\/wp-json\/wp\/v2\/types\/post"}],"author":[{"embeddable":true,"href":"https:\/\/vangoluhaber.com\/index.php\/wp-json\/wp\/v2\/users\/1"}],"replies":[{"embeddable":true,"href":"https:\/\/vangoluhaber.com\/index.php\/wp-json\/wp\/v2\/comments?post=264"}],"version-history":[{"count":1,"href":"https:\/\/vangoluhaber.com\/index.php\/wp-json\/wp\/v2\/posts\/264\/revisions"}],"predecessor-version":[{"id":266,"href":"https:\/\/vangoluhaber.com\/index.php\/wp-json\/wp\/v2\/posts\/264\/revisions\/266"}],"wp:featuredmedia":[{"embeddable":true,"href":"https:\/\/vangoluhaber.com\/index.php\/wp-json\/wp\/v2\/media\/265"}],"wp:attachment":[{"href":"https:\/\/vangoluhaber.com\/index.php\/wp-json\/wp\/v2\/media?parent=264"}],"wp:term":[{"taxonomy":"category","embeddable":true,"href":"https:\/\/vangoluhaber.com\/index.php\/wp-json\/wp\/v2\/categories?post=264"},{"taxonomy":"post_tag","embeddable":true,"href":"https:\/\/vangoluhaber.com\/index.php\/wp-json\/wp\/v2\/tags?post=264"}],"curies":[{"name":"wp","href":"https:\/\/api.w.org\/{rel}","templated":true}]}}