{"id":309,"date":"2025-01-07T23:35:43","date_gmt":"2025-01-07T20:35:43","guid":{"rendered":"http:\/\/vangoluhaber.com\/?p=309"},"modified":"2025-01-07T23:35:43","modified_gmt":"2025-01-07T20:35:43","slug":"vanda-36-kilo-uyusturucu-ele-gecirildi","status":"publish","type":"post","link":"https:\/\/vangoluhaber.com\/index.php\/2025\/01\/07\/vanda-36-kilo-uyusturucu-ele-gecirildi\/","title":{"rendered":"Van\u2019da 36 kilo uyu\u015fturucu ele ge\u00e7irildi"},"content":{"rendered":"<p>Van\u2019da polis ekiplerince y\u00fcr\u00fct\u00fclen \u00e7al\u0131\u015fmalar sonucunda 27 kilogram esrar ve 9 kilo 200 gram metamfetamin ele ge\u00e7irildi.<\/p>\n<p>&nbsp;<\/p>\n<p>Van Emniyet M\u00fcd\u00fcrl\u00fc\u011f\u00fcnden yap\u0131lan a\u00e7\u0131klamada, il genelinde haks\u0131z kazan\u00e7 sa\u011flamak amac\u0131yla uyu\u015fturucu madde ticareti, nakli veya depolanmas\u0131 faaliyetlerini y\u00fcr\u00fcten \u015fah\u0131s\/\u015fah\u0131slara y\u00f6nelik y\u00fcr\u00fct\u00fclen \u00e7al\u0131\u015fmalar\u0131n devam etti\u011fi belirtildi. A\u00e7\u0131klamada, \u201cNarkotik Su\u00e7larla M\u00fccadele \u015eube M\u00fcd\u00fcrl\u00fc\u011f\u00fc g\u00f6revlilerimizce yap\u0131lan \u00e7al\u0131\u015fmalar neticesinde, Edremit il\u00e7esinde bir ikamette 27 kilogram esrar ve 9 kilo 200 gram metamfetamin maddesi ele ge\u00e7irilmi\u015ftir. Ele ge\u00e7irilen uyu\u015fturucu maddeyle ilgili olarak 2 \u015f\u00fcpheli \u015fah\u0131s yakalanarak g\u00f6zalt\u0131na al\u0131nm\u0131\u015ft\u0131r\u201d denildi.<\/p>\n","protected":false},"excerpt":{"rendered":"<p>Van\u2019da polis ekiplerince y\u00fcr\u00fct\u00fclen \u00e7al\u0131\u015fmalar sonucunda 27 kilogram esrar ve 9 kilo 200 gram metamfetamin ele ge\u00e7irildi. &nbsp; Van Emniyet M\u00fcd\u00fcrl\u00fc\u011f\u00fcnden yap\u0131lan a\u00e7\u0131klamada, il genelinde haks\u0131z kazan\u00e7 sa\u011flamak amac\u0131yla uyu\u015fturucu madde ticareti, nakli veya depolanmas\u0131 faaliyetlerini y\u00fcr\u00fcten \u015fah\u0131s\/\u015fah\u0131slara y\u00f6nelik y\u00fcr\u00fct\u00fclen \u00e7al\u0131\u015fmalar\u0131n devam etti\u011fi belirtildi. A\u00e7\u0131klamada, \u201cNarkotik Su\u00e7larla M\u00fccadele \u015eube M\u00fcd\u00fcrl\u00fc\u011f\u00fc g\u00f6revlilerimizce yap\u0131lan \u00e7al\u0131\u015fmalar neticesinde, Edremit [&hellip;]<\/p>\n","protected":false},"author":1,"featured_media":310,"comment_status":"open","ping_status":"open","sticky":false,"template":"","format":"standard","meta":{"footnotes":""},"categories":[1,15,78,4],"tags":[],"class_list":["post-309","post","type-post","status-publish","format-standard","has-post-thumbnail","hentry","category-genel","category-gundem","category-manset","category-van-haber"],"_links":{"self":[{"href":"https:\/\/vangoluhaber.com\/index.php\/wp-json\/wp\/v2\/posts\/309","targetHints":{"allow":["GET"]}}],"collection":[{"href":"https:\/\/vangoluhaber.com\/index.php\/wp-json\/wp\/v2\/posts"}],"about":[{"href":"https:\/\/vangoluhaber.com\/index.php\/wp-json\/wp\/v2\/types\/post"}],"author":[{"embeddable":true,"href":"https:\/\/vangoluhaber.com\/index.php\/wp-json\/wp\/v2\/users\/1"}],"replies":[{"embeddable":true,"href":"https:\/\/vangoluhaber.com\/index.php\/wp-json\/wp\/v2\/comments?post=309"}],"version-history":[{"count":1,"href":"https:\/\/vangoluhaber.com\/index.php\/wp-json\/wp\/v2\/posts\/309\/revisions"}],"predecessor-version":[{"id":311,"href":"https:\/\/vangoluhaber.com\/index.php\/wp-json\/wp\/v2\/posts\/309\/revisions\/311"}],"wp:featuredmedia":[{"embeddable":true,"href":"https:\/\/vangoluhaber.com\/index.php\/wp-json\/wp\/v2\/media\/310"}],"wp:attachment":[{"href":"https:\/\/vangoluhaber.com\/index.php\/wp-json\/wp\/v2\/media?parent=309"}],"wp:term":[{"taxonomy":"category","embeddable":true,"href":"https:\/\/vangoluhaber.com\/index.php\/wp-json\/wp\/v2\/categories?post=309"},{"taxonomy":"post_tag","embeddable":true,"href":"https:\/\/vangoluhaber.com\/index.php\/wp-json\/wp\/v2\/tags?post=309"}],"curies":[{"name":"wp","href":"https:\/\/api.w.org\/{rel}","templated":true}]}}