{"id":346,"date":"2025-02-01T22:40:36","date_gmt":"2025-02-01T19:40:36","guid":{"rendered":"http:\/\/vangoluhaber.com\/?p=346"},"modified":"2025-02-01T22:40:36","modified_gmt":"2025-02-01T19:40:36","slug":"vanda-2-duzensiz-gocmen-yakalandi","status":"publish","type":"post","link":"https:\/\/vangoluhaber.com\/index.php\/2025\/02\/01\/vanda-2-duzensiz-gocmen-yakalandi\/","title":{"rendered":"Van\u2019da 2 d\u00fczensiz g\u00f6\u00e7men yakaland\u0131"},"content":{"rendered":"<p>Van\u2019\u0131n Muradiye il\u00e7esinde jandarma ekiplerince y\u00fcr\u00fct\u00fclen \u00e7al\u0131\u015fmalarda 2 d\u00fczensiz g\u00f6\u00e7men yakaland\u0131.<\/p>\n<p>&nbsp;<\/p>\n<p>Muradiye \u0130l\u00e7e Jandarma Komutanl\u0131\u011f\u0131 ekiplerince g\u00f6\u00e7men ka\u00e7ak\u00e7\u0131l\u0131\u011f\u0131na y\u00f6nelik y\u00fcr\u00fct\u00fclen \u00e7al\u0131\u015fmalar devam ediyor. Yol kontrol\u00fc esnas\u0131nda durdurulan ara\u00e7larda yap\u0131lan kontrollerde \u00fclkeye yasa d\u0131\u015f\u0131 yollardan girdikleri belirlenen 2 d\u00fczensiz g\u00f6\u00e7men yakaland\u0131. D\u00fczensiz g\u00f6\u00e7menler Geri G\u00f6nderme Merkezine teslim edilirken, g\u00f6\u00e7men ka\u00e7ak\u00e7\u0131l\u0131\u011f\u0131 \u015f\u00fcphesiyle g\u00f6zalt\u0131na al\u0131nan N.K. ve A.B. ise tutuklanarak Patnos Kapal\u0131 Ceza \u0130nfaz Kurumuna sevk edildi.<\/p>\n","protected":false},"excerpt":{"rendered":"<p>Van\u2019\u0131n Muradiye il\u00e7esinde jandarma ekiplerince y\u00fcr\u00fct\u00fclen \u00e7al\u0131\u015fmalarda 2 d\u00fczensiz g\u00f6\u00e7men yakaland\u0131. &nbsp; Muradiye \u0130l\u00e7e Jandarma Komutanl\u0131\u011f\u0131 ekiplerince g\u00f6\u00e7men ka\u00e7ak\u00e7\u0131l\u0131\u011f\u0131na y\u00f6nelik y\u00fcr\u00fct\u00fclen \u00e7al\u0131\u015fmalar devam ediyor. Yol kontrol\u00fc esnas\u0131nda durdurulan ara\u00e7larda yap\u0131lan kontrollerde \u00fclkeye yasa d\u0131\u015f\u0131 yollardan girdikleri belirlenen 2 d\u00fczensiz g\u00f6\u00e7men yakaland\u0131. D\u00fczensiz g\u00f6\u00e7menler Geri G\u00f6nderme Merkezine teslim edilirken, g\u00f6\u00e7men ka\u00e7ak\u00e7\u0131l\u0131\u011f\u0131 \u015f\u00fcphesiyle g\u00f6zalt\u0131na al\u0131nan N.K. ve [&hellip;]<\/p>\n","protected":false},"author":1,"featured_media":347,"comment_status":"open","ping_status":"open","sticky":false,"template":"","format":"standard","meta":{"footnotes":""},"categories":[1,15,78,4,30],"tags":[102],"class_list":["post-346","post","type-post","status-publish","format-standard","has-post-thumbnail","hentry","category-genel","category-gundem","category-manset","category-van-haber","category-yasam","tag-vanda-2-duzensiz-gocmen-yakalandi"],"_links":{"self":[{"href":"https:\/\/vangoluhaber.com\/index.php\/wp-json\/wp\/v2\/posts\/346","targetHints":{"allow":["GET"]}}],"collection":[{"href":"https:\/\/vangoluhaber.com\/index.php\/wp-json\/wp\/v2\/posts"}],"about":[{"href":"https:\/\/vangoluhaber.com\/index.php\/wp-json\/wp\/v2\/types\/post"}],"author":[{"embeddable":true,"href":"https:\/\/vangoluhaber.com\/index.php\/wp-json\/wp\/v2\/users\/1"}],"replies":[{"embeddable":true,"href":"https:\/\/vangoluhaber.com\/index.php\/wp-json\/wp\/v2\/comments?post=346"}],"version-history":[{"count":1,"href":"https:\/\/vangoluhaber.com\/index.php\/wp-json\/wp\/v2\/posts\/346\/revisions"}],"predecessor-version":[{"id":348,"href":"https:\/\/vangoluhaber.com\/index.php\/wp-json\/wp\/v2\/posts\/346\/revisions\/348"}],"wp:featuredmedia":[{"embeddable":true,"href":"https:\/\/vangoluhaber.com\/index.php\/wp-json\/wp\/v2\/media\/347"}],"wp:attachment":[{"href":"https:\/\/vangoluhaber.com\/index.php\/wp-json\/wp\/v2\/media?parent=346"}],"wp:term":[{"taxonomy":"category","embeddable":true,"href":"https:\/\/vangoluhaber.com\/index.php\/wp-json\/wp\/v2\/categories?post=346"},{"taxonomy":"post_tag","embeddable":true,"href":"https:\/\/vangoluhaber.com\/index.php\/wp-json\/wp\/v2\/tags?post=346"}],"curies":[{"name":"wp","href":"https:\/\/api.w.org\/{rel}","templated":true}]}}