{"id":351,"date":"2025-02-01T22:47:51","date_gmt":"2025-02-01T19:47:51","guid":{"rendered":"http:\/\/vangoluhaber.com\/?p=351"},"modified":"2025-02-01T22:47:51","modified_gmt":"2025-02-01T19:47:51","slug":"elektrik-faturalarinda-yeni-donem-subat-ayinda-basliyor","status":"publish","type":"post","link":"https:\/\/vangoluhaber.com\/index.php\/2025\/02\/01\/elektrik-faturalarinda-yeni-donem-subat-ayinda-basliyor\/","title":{"rendered":"Elektrik faturalar\u0131nda yeni d\u00f6nem: \u015eubat ay\u0131nda ba\u015fl\u0131yor"},"content":{"rendered":"<p class=\"text-base mb-4 text-red-600 dark:text-inherit\">Elektrik faturalar\u0131nda 1 \u015eubat itibar\u0131yla yeni d\u00f6nem ba\u015fl\u0131yor. Bu tarihten itibaren ge\u00e7erli olacak d\u00fczenlemeyle ayda 417 kWh&#8217;den fazla t\u00fcketimi bulunan yani daha \u00e7ok elektrik t\u00fcketen mesken aboneleri daha y\u00fcksek fatura \u00f6deyecek<\/p>\n<p>2025&#8217;te daha \u00e7ok elektrik t\u00fcketen daha y\u00fcksek fatura \u00f6deyecek. Elektrik faturalar\u0131nda 1 \u015eubat itibar\u0131yla yeni d\u00f6nem ba\u015fl\u0131yor.<\/p>\n<p>Enerji ve Tabii Kaynaklar Bakan\u0131 Alparslan Bayraktar Ekim 2024&#8217;te yapt\u0131\u011f\u0131 a\u00e7\u0131klamada deste\u011fe ihtiya\u00e7 duymayan ve t\u00fcketimi y\u00fcksek olan gruplar\u0131n, elektri\u011fin ve do\u011falgaz\u0131n ger\u00e7ek maliyetlerini kar\u015f\u0131lamas\u0131n\u0131 planlad\u0131klar\u0131n\u0131 belirterek &#8220;Enerji Piyasas\u0131 D\u00fczenleme Kurumu&#8217;nun yapt\u0131\u011f\u0131 son d\u00fczenlemeyle iki kat\u0131ndan daha fazla, yani ayda 417 kilovatsaat t\u00fcketimi olan vatanda\u015flar, konutlar, elektri\u011fin ger\u00e7ek maliyeti neyse onu in\u015fallah \u015fubat ay\u0131ndan sonra \u00f6demeye ba\u015flayacaklar. Yap\u0131lan d\u00fczenleme esas itibar\u0131yla budur. Dolay\u0131s\u0131yla T\u00fcrkiye ortalamas\u0131nda t\u00fcketim yap\u0131yorsan, 200 kilovatsaat t\u00fcketiyorsan ayda 414 lira fatura \u00f6d\u00fcyorsun. Ocakta da 414 lira \u00f6demeye devam edeceksiniz. Ama normal t\u00fcketimin iki kat\u0131ndan daha fazla, ayda bin 50 liral\u0131k fatura geliyorsa zaten 414 kilovatsaat t\u00fcketimi a\u015f\u0131yorsun demektir. Dolay\u0131s\u0131yla desteklenecek grupta de\u011filsin demektir&#8221; demi\u015fti.<\/p>\n<p>Kas\u0131m ay\u0131nda ise Enerji Piyasas\u0131 D\u00fczenleme Kurumu&#8217;nun (EPDK), Son Kaynak Tedarik Tarifesinin D\u00fczenlenmesi Hakk\u0131nda Tebli\u011fde de\u011fi\u015fiklik yap\u0131lmas\u0131na ili\u015fkin yeni tebli\u011f yay\u0131mlanm\u0131\u015ft\u0131.<\/p>\n<h2 class=\"widget-title mb-5 font-bold text-base\">K\u0130MLER\u0130 KAPSIYOR?<\/h2>\n<p>EPDK&#8217;n\u0131n 07.11.2024 tarihli karar\u0131yla Son Kaynak Tedarik Tarifesi limitleri g\u00fcncellenirken, bu d\u00fczenlemeye g\u00f6re s\u00f6zle\u015fmesindeki y\u0131ll\u0131k elektrik t\u00fcketimi 5.000 kWh (ayl\u0131k 417 kWh) ve \u00fczerinde olan mesken aboneleri ile 15.000 kWh ve \u00fczerinde olan ticarethane ve sanayi abonelerinin 1 \u015eubat 2025 tarihinden itibaren y\u00fcksek t\u00fcketimli t\u00fcketicilere ili\u015fkin Son Kaynak Tedarik Tarifesi&#8217;nden faturaland\u0131r\u0131laca\u011f\u0131n\u0131 bildirildi. Y\u0131ll\u0131k elektrik t\u00fcketimi 100.000.000 kWh ve \u00fczerinde olan di\u011fer t\u00fcketiciler ve tar\u0131msal faaliyetler aboneleri de Son Kaynak Tedarik Tarifesi kapsam\u0131nda yer ald\u0131.<\/p>\n<h2 class=\"widget-title mb-5 font-bold text-base\">S\u00dcRE\u00c7 NASIL OLACAK?<\/h2>\n<p>D\u00fczenleme y\u00fcksek oranda elektrik t\u00fcketenleri etkileyecek.<\/p>\n<p>D\u00fczenleme, takvim y\u0131l\u0131 bazl\u0131 olarak hayata ge\u00e7irilirken, abonelerin elektrik t\u00fcketimleri takvim y\u0131l\u0131 bazl\u0131 olarak toplanacak, y\u00fcksek t\u00fcketimli t\u00fcketicilere ili\u015fkin Son Kaynak Tedarik Tarifesi kapsam\u0131na girildi\u011fi tespit edilen aboneler elektrik enerjisini ikili anla\u015fmalar ile temin etmedi\u011fi durumda, tespiti takiben \u00fc\u00e7\u00fcnc\u00fc ay\u0131n ilk g\u00fcn\u00fcnden itibaren Son Kaynak Tedarik Tarifesi\u2019nden faturaland\u0131r\u0131lacak. Bu uygulama 1 \u015eubat 2025 tarihinden itibaren y\u00fcr\u00fcrl\u00fc\u011fe girecek.<\/p>\n<p>Bakan Bayraktar&#8217;\u0131n da konu\u015fmas\u0131nda ifade etti\u011fi gibi T\u00fcrkiye&#8217;de ortalama bir hanenin elektrik faturas\u0131 414 TL olarak hesaplan\u0131yor. Dolay\u0131s\u0131yla T\u00fcrkiye ortalamas\u0131nda t\u00fcketim yapanlar ayda 414 TL fatura \u00f6derken, belirlenen s\u0131n\u0131r\u0131n \u00fczerindeki t\u00fcketimde \u00f6denecek mebla\u011f katlanacak.<\/p>\n<div class=\"page-break w-full it-item it-active\" data-it=\"{&quot;index&quot;:2,&quot;id&quot;:0,&quot;tracker&quot;:[{&quot;type&quot;:&quot;history&quot;,&quot;parameter&quot;:&quot;page&quot;,&quot;url&quot;:2},{&quot;type&quot;:&quot;google&quot;},{&quot;type&quot;:&quot;gemius&quot;,&quot;variable&quot;:&quot;gemiusID&quot;,&quot;id&quot;:&quot;&quot;}]}\">\n<h2 class=\"widget-title mb-5 font-bold text-base\">YILLIK ENERJ\u0130 T\u00dcKET\u0130M\u0130 NEREDEN \u00d6\u011eREN\u0130LEB\u0130L\u0130R?<\/h2>\n<p>Y\u0131ll\u0131k enerji t\u00fcketimleri i\u00e7inde bulundu\u011fumuz y\u0131l ve bir \u00f6nceki y\u0131l i\u00e7in elektrik faturalar\u0131 \u00fczerinden takip edilebilir. Ancak Son Kaynak Tedarik Tarifesi limitlerine ili\u015fkin nihai tespit ilgili Da\u011f\u0131t\u0131m \u015eirketleri taraf\u0131ndan yap\u0131l\u0131yor.<\/p>\n<p>S\u00f6zle\u015fmenin limit de\u011fi\u015fikli\u011finden etkilenip etkilenmedi\u011fi da\u011f\u0131t\u0131m \u015firketlerinin ileti\u015fim kanallar\u0131 \u00fczerinden sorgulanabilir. \u0130lgili Da\u011f\u0131t\u0131m \u015eirketi taraf\u0131ndan Son Kaynak Tedarik Tarifesi limitini ge\u00e7ti\u011fi tespit edilen m\u00fc\u015fteriler, y\u00fcksek t\u00fcketimli t\u00fcketicilere ili\u015fkin Son Kaynak Tedarik Tarifesi kapsam\u0131nda faturaland\u0131r\u0131lacak.<\/p>\n<p>Kaynak;Habert\u00fcrk<\/p>\n<\/div>\n","protected":false},"excerpt":{"rendered":"<p>Elektrik faturalar\u0131nda 1 \u015eubat itibar\u0131yla yeni d\u00f6nem ba\u015fl\u0131yor. Bu tarihten itibaren ge\u00e7erli olacak d\u00fczenlemeyle ayda 417 kWh&#8217;den fazla t\u00fcketimi bulunan yani daha \u00e7ok elektrik t\u00fcketen mesken aboneleri daha y\u00fcksek fatura \u00f6deyecek 2025&#8217;te daha \u00e7ok elektrik t\u00fcketen daha y\u00fcksek fatura \u00f6deyecek. Elektrik faturalar\u0131nda 1 \u015eubat itibar\u0131yla yeni d\u00f6nem ba\u015fl\u0131yor. Enerji ve Tabii Kaynaklar Bakan\u0131 Alparslan Bayraktar [&hellip;]<\/p>\n","protected":false},"author":1,"featured_media":352,"comment_status":"open","ping_status":"open","sticky":false,"template":"","format":"standard","meta":{"footnotes":""},"categories":[2,1,15,78,4,30],"tags":[103],"class_list":["post-351","post","type-post","status-publish","format-standard","has-post-thumbnail","hentry","category-ekonomi","category-genel","category-gundem","category-manset","category-van-haber","category-yasam","tag-elektrik-faturalarinda-yeni-donem-subat-ayinda-basliyor"],"_links":{"self":[{"href":"https:\/\/vangoluhaber.com\/index.php\/wp-json\/wp\/v2\/posts\/351","targetHints":{"allow":["GET"]}}],"collection":[{"href":"https:\/\/vangoluhaber.com\/index.php\/wp-json\/wp\/v2\/posts"}],"about":[{"href":"https:\/\/vangoluhaber.com\/index.php\/wp-json\/wp\/v2\/types\/post"}],"author":[{"embeddable":true,"href":"https:\/\/vangoluhaber.com\/index.php\/wp-json\/wp\/v2\/users\/1"}],"replies":[{"embeddable":true,"href":"https:\/\/vangoluhaber.com\/index.php\/wp-json\/wp\/v2\/comments?post=351"}],"version-history":[{"count":1,"href":"https:\/\/vangoluhaber.com\/index.php\/wp-json\/wp\/v2\/posts\/351\/revisions"}],"predecessor-version":[{"id":353,"href":"https:\/\/vangoluhaber.com\/index.php\/wp-json\/wp\/v2\/posts\/351\/revisions\/353"}],"wp:featuredmedia":[{"embeddable":true,"href":"https:\/\/vangoluhaber.com\/index.php\/wp-json\/wp\/v2\/media\/352"}],"wp:attachment":[{"href":"https:\/\/vangoluhaber.com\/index.php\/wp-json\/wp\/v2\/media?parent=351"}],"wp:term":[{"taxonomy":"category","embeddable":true,"href":"https:\/\/vangoluhaber.com\/index.php\/wp-json\/wp\/v2\/categories?post=351"},{"taxonomy":"post_tag","embeddable":true,"href":"https:\/\/vangoluhaber.com\/index.php\/wp-json\/wp\/v2\/tags?post=351"}],"curies":[{"name":"wp","href":"https:\/\/api.w.org\/{rel}","templated":true}]}}