{"id":355,"date":"2025-02-01T22:54:10","date_gmt":"2025-02-01T19:54:10","guid":{"rendered":"http:\/\/vangoluhaber.com\/?p=355"},"modified":"2025-02-01T22:54:10","modified_gmt":"2025-02-01T19:54:10","slug":"ak-parti-van-il-baskani-abdulahat-arvas-halkin-yogun-ilgisi-bizi-heyecanlandiriyor","status":"publish","type":"post","link":"https:\/\/vangoluhaber.com\/index.php\/2025\/02\/01\/ak-parti-van-il-baskani-abdulahat-arvas-halkin-yogun-ilgisi-bizi-heyecanlandiriyor\/","title":{"rendered":"AK Parti Van \u0130l Ba\u015fkan\u0131 Abdulahat Arvas: &#8220;Halk\u0131n yo\u011fun ilgisi bizi heyecanland\u0131r\u0131yor&#8221;"},"content":{"rendered":"<p>Adalet ve Kalk\u0131nma Partisi Van 8. Ola\u011fan Kongresinde \u0130l Ba\u015fkan\u0131 se\u00e7ilen Abdulahat Arvas\u2019a tebrik ziyaretleri yo\u011fun kat\u0131l\u0131mla s\u00fcr\u00fcyor.<\/p>\n<p>&nbsp;<\/p>\n<p>Sivil Toplum Kurulu\u015f temsilcileri, a\u015firet reisleri, i\u015f adamlar\u0131, il d\u0131\u015f\u0131ndan gelen heyetler ve halk\u0131n her katman\u0131ndan gelenler Ak Parti \u0130l Ba\u015fkan\u0131 Abdulahat Arvas\u2019a tebriklerini ileterek, ba\u015far\u0131 dileklerinde bulunuyor. Bir haftay\u0131 a\u015fan zaman i\u00e7inde gelen tebrikleri makam\u0131nda kabul eden Arvas, halk\u0131n bu tevecc\u00fch\u00fc bizi hizmet i\u00e7in heyecanland\u0131r\u0131yor diyerek, \u201ct\u00fcm toplumu temsil eden yeni y\u00f6netim kurulu \u00fcyelerimizle birlikte yepyeni bir duru\u015f ve kararl\u0131l\u0131k g\u00f6stererek, herkesi kucaklayan ve g\u00f6n\u00fcllere dokunan bir hizmet anlay\u0131\u015f\u0131 i\u00e7inde olaca\u011f\u0131z\u201d dedi.<\/p>\n<p>&nbsp;<\/p>\n<p>Tebrik i\u00e7in gelenlerin bu y\u00f6netim kadrosundan duyduklar\u0131 memnuniyeti dile getirdiklerini belirten Arvas, &#8220;Bundan sonra hi\u00e7bir \u015fey eskisi gibi olmayacak. Halk\u0131m\u0131z\u0131n bize olan g\u00fcvenini bo\u015fa \u00e7\u0131karmayaca\u011f\u0131z. Biz Van\u2019da ya\u015fayan herkesin derdini dinleyerek onlarla birlikte umuda ve g\u00fczel bir gelece\u011fe imza ataca\u011f\u0131z. Tebrik i\u00e7in gelen herkese te\u015fekk\u00fcr ediyorum&#8221; diye konu\u015ftu.<\/p>\n","protected":false},"excerpt":{"rendered":"<p>Adalet ve Kalk\u0131nma Partisi Van 8. Ola\u011fan Kongresinde \u0130l Ba\u015fkan\u0131 se\u00e7ilen Abdulahat Arvas\u2019a tebrik ziyaretleri yo\u011fun kat\u0131l\u0131mla s\u00fcr\u00fcyor. &nbsp; Sivil Toplum Kurulu\u015f temsilcileri, a\u015firet reisleri, i\u015f adamlar\u0131, il d\u0131\u015f\u0131ndan gelen heyetler ve halk\u0131n her katman\u0131ndan gelenler Ak Parti \u0130l Ba\u015fkan\u0131 Abdulahat Arvas\u2019a tebriklerini ileterek, ba\u015far\u0131 dileklerinde bulunuyor. Bir haftay\u0131 a\u015fan zaman i\u00e7inde gelen tebrikleri makam\u0131nda [&hellip;]<\/p>\n","protected":false},"author":1,"featured_media":356,"comment_status":"open","ping_status":"open","sticky":false,"template":"","format":"standard","meta":{"footnotes":""},"categories":[1,15,78,19,4,30],"tags":[104],"class_list":["post-355","post","type-post","status-publish","format-standard","has-post-thumbnail","hentry","category-genel","category-gundem","category-manset","category-politika","category-van-haber","category-yasam","tag-ak-parti-van-il-baskani-abdulahat-arvas-halkin-yogun-ilgisi-bizi-heyecanlandiriyor"],"_links":{"self":[{"href":"https:\/\/vangoluhaber.com\/index.php\/wp-json\/wp\/v2\/posts\/355","targetHints":{"allow":["GET"]}}],"collection":[{"href":"https:\/\/vangoluhaber.com\/index.php\/wp-json\/wp\/v2\/posts"}],"about":[{"href":"https:\/\/vangoluhaber.com\/index.php\/wp-json\/wp\/v2\/types\/post"}],"author":[{"embeddable":true,"href":"https:\/\/vangoluhaber.com\/index.php\/wp-json\/wp\/v2\/users\/1"}],"replies":[{"embeddable":true,"href":"https:\/\/vangoluhaber.com\/index.php\/wp-json\/wp\/v2\/comments?post=355"}],"version-history":[{"count":1,"href":"https:\/\/vangoluhaber.com\/index.php\/wp-json\/wp\/v2\/posts\/355\/revisions"}],"predecessor-version":[{"id":357,"href":"https:\/\/vangoluhaber.com\/index.php\/wp-json\/wp\/v2\/posts\/355\/revisions\/357"}],"wp:featuredmedia":[{"embeddable":true,"href":"https:\/\/vangoluhaber.com\/index.php\/wp-json\/wp\/v2\/media\/356"}],"wp:attachment":[{"href":"https:\/\/vangoluhaber.com\/index.php\/wp-json\/wp\/v2\/media?parent=355"}],"wp:term":[{"taxonomy":"category","embeddable":true,"href":"https:\/\/vangoluhaber.com\/index.php\/wp-json\/wp\/v2\/categories?post=355"},{"taxonomy":"post_tag","embeddable":true,"href":"https:\/\/vangoluhaber.com\/index.php\/wp-json\/wp\/v2\/tags?post=355"}],"curies":[{"name":"wp","href":"https:\/\/api.w.org\/{rel}","templated":true}]}}