{"id":408,"date":"2025-02-04T20:58:12","date_gmt":"2025-02-04T17:58:12","guid":{"rendered":"http:\/\/vangoluhaber.com\/?p=408"},"modified":"2025-02-04T20:58:12","modified_gmt":"2025-02-04T17:58:12","slug":"ogrencilere-15-bin-tlye-kadar-destek-iskur-genclik-programi-nedir-nasil-basvurulur","status":"publish","type":"post","link":"https:\/\/vangoluhaber.com\/index.php\/2025\/02\/04\/ogrencilere-15-bin-tlye-kadar-destek-iskur-genclik-programi-nedir-nasil-basvurulur\/","title":{"rendered":"\u00d6\u011frencilere 15 bin TL&#8217;ye kadar destek! \u0130\u015eKUR Gen\u00e7lik Program\u0131 nedir, nas\u0131l ba\u015fvurulur?"},"content":{"rendered":"<p class=\"spot\">\u00dcniversite \u00f6\u011frencilerine 15 bin TL&#8217;ye kadar destek \u00f6demesi yap\u0131lacak ve k\u0131sa vadeli sigorta primleri kar\u015f\u0131lanacak. \u0130\u015eKUR Gen\u00e7lik Program\u0131 detaylar\u0131 ve ba\u015fvuru ko\u015fullar\u0131 belli oldu.<\/p>\n<p>Cumhurba\u015fkan\u0131 Recep Tayyip Erdo\u011fan, 4 \u015eubat&#8217;ta Ulusal \u0130stihdam Stratejisi Tan\u0131t\u0131m Toplant\u0131s\u0131nda konu\u015ftu. Erdo\u011fan,\u00a0<strong>\u0130\u015eKUR Gen\u00e7lik Program\u0131<\/strong>&#8216;n\u0131n devreye al\u0131nd\u0131\u011f\u0131n\u0131 duyurdu.<\/p>\n<p>\u00dcniversite \u00f6\u011frencilerine\u00a0<strong>15 bin TL&#8217;ye kadar destek<\/strong>\u00a0sunacak olan program\u0131n detaylar\u0131 merak edildi. Peki,\u00a0\u0130\u015eKUR Gen\u00e7lik Program\u0131 nedir, nas\u0131l ba\u015fvurulur? \u0130\u015fte detaylar&#8230;<\/p>\n<h3>\u0130\u015eKUR GEN\u00c7L\u0130K PROGRAMI NED\u0130R?<\/h3>\n<p>\u0130\u015eKUR Gen\u00e7lik Program\u0131, \u00fcniversite \u00f6\u011frencilerinin bir yandan e\u011fitimlerine devam ederken di\u011fer yandan kendilerini geli\u015ftirecek\u00a0<strong>kariyer imkanlar\u0131\u00a0<\/strong>sunmay\u0131 hedefleyen\u00a0<strong>k\u0131smi zamanl\u0131 aktif i\u015f g\u00fcc\u00fc<\/strong>\u00a0program\u0131d\u0131r.<\/p>\n<p>Cumhurba\u015fkan\u0131 Erdo\u011fan,\u00a0<em>&#8220;Ayda 5 g\u00fcn kat\u0131lacak \u00f6\u011frencilerimize 5 bin 415 lira, 14 g\u00fcn kat\u0131lacaklara yakla\u015f\u0131k 15 bin 162 lira destek verece\u011fiz. Kat\u0131l\u0131mc\u0131lar\u0131n k\u0131sa vadeli sigorta primlerini de biz kar\u015f\u0131layaca\u011f\u0131z. Gen\u00e7ler e\u011fitimini s\u00fcrd\u00fcr\u00fcrken kendilerini geli\u015ftirecek bir\u00e7ok alanda bu programa dahil olabilecek.&#8221;<\/em>\u00a0s\u00f6zleriyle program\u0131 tan\u0131tt\u0131.<\/p>\n<p>Bu program, her \u00fcniversitenin kendi \u00f6\u011frencisine haftal\u0131k<strong>\u00a0azami 3 g\u00fcne kadar kat\u0131l\u0131m<\/strong>\u00a0sa\u011flayacak.<\/p>\n<p><strong>G\u00fcnl\u00fck 1.083 \u00f6deme ile 14 g\u00fcn kat\u0131lacak \u00f6\u011frencilere 15 bin lira destek<\/strong>\u00a0verecek.<\/p>\n<p>Kat\u0131l\u0131mc\u0131lar\u0131n<strong>\u00a0k\u0131sa vadeli sigorta primleri\u00a0<\/strong>de kar\u015f\u0131lanacak.<\/p>\n<p>Programa 2025 y\u0131l\u0131 boyunca 200 bin, 4 y\u0131l boyunca 1 milyon \u00f6\u011frencinin kat\u0131lmas\u0131 hedefleniyor.<\/p>\n<h3>\u0130\u015eKUR GEN\u00c7L\u0130K PROGRAMINA NASIL BA\u015eVURULUR?<\/h3>\n<p>\u0130\u015eKUR Gen\u00e7lik Program\u0131 ba\u015fvurular\u0131,\u00a0<a href=\"https:\/\/genclik.iskur.gov.tr\/\" rel=\"nofollow noopener\"><strong>https:\/\/genclik.iskur.gov.tr\/<\/strong><\/a>\u00a0adresinde yer alan\u00a0<strong>&#8220;\u0130\u015eKUR Gen\u00e7lik Program\u0131 Ba\u015fvurusu&#8221;<\/strong>\u00a0butonuna t\u0131klayarak yap\u0131labilecek.<\/p>\n<ul>\n<li>Kamu \u00fcniversiteleri ve \u0130\u015eKUR ortakl\u0131\u011f\u0131yla d\u00fczenlenen programa \u00f6\u011frencilere k\u0131smi ve esnek \u00e7al\u0131\u015fma hayat\u0131 sunulur ve \u00f6\u011frenciler haftada 3 g\u00fcne kadar kat\u0131l\u0131m g\u00f6sterebilir.<\/li>\n<li>\u00d6\u011frenciler, sadece kendi \u00fcniversitelerinde d\u00fczenlenen programa kat\u0131labilir.<\/li>\n<li>\u00d6n lisans, lisans, y\u00fcksek lisans ve doktora \u00f6\u011frencileri programdan yararlanabilir. (A\u00e7\u0131k \u00f6\u011fretim ve uzaktan e\u011fitim \u00f6\u011frencileri yararlanamaz)<\/li>\n<li>Kaynak;Haber 7<\/li>\n<\/ul>\n","protected":false},"excerpt":{"rendered":"<p>\u00dcniversite \u00f6\u011frencilerine 15 bin TL&#8217;ye kadar destek \u00f6demesi yap\u0131lacak ve k\u0131sa vadeli sigorta primleri kar\u015f\u0131lanacak. \u0130\u015eKUR Gen\u00e7lik Program\u0131 detaylar\u0131 ve ba\u015fvuru ko\u015fullar\u0131 belli oldu. Cumhurba\u015fkan\u0131 Recep Tayyip Erdo\u011fan, 4 \u015eubat&#8217;ta Ulusal \u0130stihdam Stratejisi Tan\u0131t\u0131m Toplant\u0131s\u0131nda konu\u015ftu. Erdo\u011fan,\u00a0\u0130\u015eKUR Gen\u00e7lik Program\u0131&#8216;n\u0131n devreye al\u0131nd\u0131\u011f\u0131n\u0131 duyurdu. \u00dcniversite \u00f6\u011frencilerine\u00a015 bin TL&#8217;ye kadar destek\u00a0sunacak olan program\u0131n detaylar\u0131 merak edildi. Peki,\u00a0\u0130\u015eKUR Gen\u00e7lik [&hellip;]<\/p>\n","protected":false},"author":1,"featured_media":409,"comment_status":"open","ping_status":"open","sticky":false,"template":"","format":"standard","meta":{"footnotes":""},"categories":[1,15,20,78,4],"tags":[],"class_list":["post-408","post","type-post","status-publish","format-standard","has-post-thumbnail","hentry","category-genel","category-gundem","category-hayat","category-manset","category-van-haber"],"_links":{"self":[{"href":"https:\/\/vangoluhaber.com\/index.php\/wp-json\/wp\/v2\/posts\/408","targetHints":{"allow":["GET"]}}],"collection":[{"href":"https:\/\/vangoluhaber.com\/index.php\/wp-json\/wp\/v2\/posts"}],"about":[{"href":"https:\/\/vangoluhaber.com\/index.php\/wp-json\/wp\/v2\/types\/post"}],"author":[{"embeddable":true,"href":"https:\/\/vangoluhaber.com\/index.php\/wp-json\/wp\/v2\/users\/1"}],"replies":[{"embeddable":true,"href":"https:\/\/vangoluhaber.com\/index.php\/wp-json\/wp\/v2\/comments?post=408"}],"version-history":[{"count":1,"href":"https:\/\/vangoluhaber.com\/index.php\/wp-json\/wp\/v2\/posts\/408\/revisions"}],"predecessor-version":[{"id":410,"href":"https:\/\/vangoluhaber.com\/index.php\/wp-json\/wp\/v2\/posts\/408\/revisions\/410"}],"wp:featuredmedia":[{"embeddable":true,"href":"https:\/\/vangoluhaber.com\/index.php\/wp-json\/wp\/v2\/media\/409"}],"wp:attachment":[{"href":"https:\/\/vangoluhaber.com\/index.php\/wp-json\/wp\/v2\/media?parent=408"}],"wp:term":[{"taxonomy":"category","embeddable":true,"href":"https:\/\/vangoluhaber.com\/index.php\/wp-json\/wp\/v2\/categories?post=408"},{"taxonomy":"post_tag","embeddable":true,"href":"https:\/\/vangoluhaber.com\/index.php\/wp-json\/wp\/v2\/tags?post=408"}],"curies":[{"name":"wp","href":"https:\/\/api.w.org\/{rel}","templated":true}]}}