{"id":424,"date":"2025-02-09T22:23:44","date_gmt":"2025-02-09T19:23:44","guid":{"rendered":"http:\/\/vangoluhaber.com\/?p=424"},"modified":"2025-02-09T22:23:44","modified_gmt":"2025-02-09T19:23:44","slug":"tusba-ilce-saglik-mudurlugu-hpv-taramasi-gerceklestirildi","status":"publish","type":"post","link":"https:\/\/vangoluhaber.com\/index.php\/2025\/02\/09\/tusba-ilce-saglik-mudurlugu-hpv-taramasi-gerceklestirildi\/","title":{"rendered":"Tu\u015fba \u0130l\u00e7e Sa\u011fl\u0131k M\u00fcd\u00fcrl\u00fc\u011f\u00fc  HPV taramas\u0131 ger\u00e7ekle\u015ftirildi"},"content":{"rendered":"<p>Van\u2019\u0131n Tu\u015fba \u0130l\u00e7e Sa\u011fl\u0131k M\u00fcd\u00fcrl\u00fc\u011f\u00fc, Serviks Kanseri Fark\u0131ndal\u0131k Ay\u0131 kapsam\u0131nda Ye\u015feren D\u00fc\u015fler Bak\u0131m Merkezini ziyaret ederek, Mobil HPV Tarama Arac\u0131 ile bak\u0131m merkezinde kalan kad\u0131nlar\u0131n \u00fccretsiz HPV taramalar\u0131n\u0131 ger\u00e7ekle\u015ftirdi.<\/p>\n<p>&nbsp;<\/p>\n<p>Taramayla ilgili sosyal medya hesab\u0131ndan a\u00e7\u0131klamalarda bulunan Tu\u015fba \u0130l\u00e7e Sa\u011fl\u0131k M\u00fcd\u00fcr\u00fc Dr. Semra G\u00fcm\u00fc\u015f, serviks kanserinin kad\u0131nlarda d\u00fcnya genelinde meme, akci\u011fer ve kal\u0131n ba\u011f\u0131rsak kanserlerinden sonra d\u00f6rd\u00fcnc\u00fc s\u0131kl\u0131kta g\u00f6r\u00fcld\u00fc\u011f\u00fcn\u00fc belirtti. Dr. G\u00fcm\u00fc\u015f, &#8220;Serviks kanseri, \u00f6zellikle erken evrelerde belirti vermeyebilir&#8221; dedi.<\/p>\n<p>&nbsp;<\/p>\n<p>Tu\u015fba \u0130l\u00e7e Sa\u011fl\u0131k M\u00fcd\u00fcrl\u00fc\u011f\u00fc b\u00fcnyesinde hizmet veren Kanser Erken Te\u015fhis, Tarama ve E\u011fitim Merkezi (KETEM) Birimi\u2019nin mobil ara\u00e7larla il\u00e7enin farkl\u0131 noktalar\u0131nda taramalar\u0131n\u0131 s\u00fcrd\u00fcrd\u00fc\u011f\u00fcn\u00fc dile getiren Dr. G\u00fcm\u00fc\u015f, &#8220;Mobil tarama ara\u00e7lar\u0131m\u0131zla vatanda\u015flar\u0131m\u0131za \u00fccretsiz hizmet veriyoruz. Amac\u0131m\u0131z, kad\u0131nlar\u0131m\u0131z\u0131n serviks kanserine kar\u015f\u0131 bilin\u00e7lenmesini sa\u011flamak ve erken te\u015fhisle hayat kurtarmakt\u0131r&#8221; diye konu\u015ftu.<\/p>\n<p>&nbsp;<\/p>\n<p>Ye\u015feren D\u00fc\u015fler Bak\u0131m Merkezinde ger\u00e7ekle\u015ftirilen taramalar, burada misafir edilen kad\u0131nlar i\u00e7in b\u00fcy\u00fck bir f\u0131rsat oldu. Sa\u011fl\u0131k ekipleri, taramalar\u0131n yan\u0131 s\u0131ra kat\u0131l\u0131mc\u0131lara serviks kanseri ve HPV hakk\u0131nda bilgilendirme yaparak fark\u0131ndal\u0131\u011f\u0131 art\u0131rmay\u0131 hedefliyor.<\/p>\n","protected":false},"excerpt":{"rendered":"<p>Van\u2019\u0131n Tu\u015fba \u0130l\u00e7e Sa\u011fl\u0131k M\u00fcd\u00fcrl\u00fc\u011f\u00fc, Serviks Kanseri Fark\u0131ndal\u0131k Ay\u0131 kapsam\u0131nda Ye\u015feren D\u00fc\u015fler Bak\u0131m Merkezini ziyaret ederek, Mobil HPV Tarama Arac\u0131 ile bak\u0131m merkezinde kalan kad\u0131nlar\u0131n \u00fccretsiz HPV taramalar\u0131n\u0131 ger\u00e7ekle\u015ftirdi. &nbsp; Taramayla ilgili sosyal medya hesab\u0131ndan a\u00e7\u0131klamalarda bulunan Tu\u015fba \u0130l\u00e7e Sa\u011fl\u0131k M\u00fcd\u00fcr\u00fc Dr. Semra G\u00fcm\u00fc\u015f, serviks kanserinin kad\u0131nlarda d\u00fcnya genelinde meme, akci\u011fer ve kal\u0131n ba\u011f\u0131rsak kanserlerinden [&hellip;]<\/p>\n","protected":false},"author":1,"featured_media":425,"comment_status":"open","ping_status":"open","sticky":false,"template":"","format":"standard","meta":{"footnotes":""},"categories":[1,15,20,78,4,30],"tags":[116],"class_list":["post-424","post","type-post","status-publish","format-standard","has-post-thumbnail","hentry","category-genel","category-gundem","category-hayat","category-manset","category-van-haber","category-yasam","tag-tusba-ilce-saglik-mudurlugu-hpv-taramasi-gerceklestirildi"],"_links":{"self":[{"href":"https:\/\/vangoluhaber.com\/index.php\/wp-json\/wp\/v2\/posts\/424","targetHints":{"allow":["GET"]}}],"collection":[{"href":"https:\/\/vangoluhaber.com\/index.php\/wp-json\/wp\/v2\/posts"}],"about":[{"href":"https:\/\/vangoluhaber.com\/index.php\/wp-json\/wp\/v2\/types\/post"}],"author":[{"embeddable":true,"href":"https:\/\/vangoluhaber.com\/index.php\/wp-json\/wp\/v2\/users\/1"}],"replies":[{"embeddable":true,"href":"https:\/\/vangoluhaber.com\/index.php\/wp-json\/wp\/v2\/comments?post=424"}],"version-history":[{"count":1,"href":"https:\/\/vangoluhaber.com\/index.php\/wp-json\/wp\/v2\/posts\/424\/revisions"}],"predecessor-version":[{"id":426,"href":"https:\/\/vangoluhaber.com\/index.php\/wp-json\/wp\/v2\/posts\/424\/revisions\/426"}],"wp:featuredmedia":[{"embeddable":true,"href":"https:\/\/vangoluhaber.com\/index.php\/wp-json\/wp\/v2\/media\/425"}],"wp:attachment":[{"href":"https:\/\/vangoluhaber.com\/index.php\/wp-json\/wp\/v2\/media?parent=424"}],"wp:term":[{"taxonomy":"category","embeddable":true,"href":"https:\/\/vangoluhaber.com\/index.php\/wp-json\/wp\/v2\/categories?post=424"},{"taxonomy":"post_tag","embeddable":true,"href":"https:\/\/vangoluhaber.com\/index.php\/wp-json\/wp\/v2\/tags?post=424"}],"curies":[{"name":"wp","href":"https:\/\/api.w.org\/{rel}","templated":true}]}}