{"id":462,"date":"2025-02-10T21:50:33","date_gmt":"2025-02-10T18:50:33","guid":{"rendered":"http:\/\/vangoluhaber.com\/?p=462"},"modified":"2025-02-10T21:50:33","modified_gmt":"2025-02-10T18:50:33","slug":"belediyelere-her-sahipsiz-kopek-icin-71-bin-lira-ceza-uygulanacak","status":"publish","type":"post","link":"https:\/\/vangoluhaber.com\/index.php\/2025\/02\/10\/belediyelere-her-sahipsiz-kopek-icin-71-bin-lira-ceza-uygulanacak\/","title":{"rendered":"Belediyelere her sahipsiz k\u00f6pek i\u00e7in 71 bin lira ceza uygulanacak"},"content":{"rendered":"<p>Tar\u0131m ve Orman Bakanl\u0131\u011f\u0131, Bakan \u0130brahim Yumakl\u0131&#8217;n\u0131n imzas\u0131yla 81 ildeki valiliklere \u0130l &#8220;Hayvanlar\u0131 Koruma Kurulu \u00c7al\u0131\u015fmalar\u0131&#8221; konulu yaz\u0131 g\u00f6nderdi.<\/p>\n<p>Yaz\u0131da, 7527 say\u0131l\u0131 Hayvanlar\u0131 Koruma Kanununda De\u011fi\u015fiklik Yap\u0131lmas\u0131na Dair Kanun&#8217;un 2 A\u011fustos 2024&#8217;te Resmi Gazete&#8217;de yay\u0131mlanarak y\u00fcr\u00fcrl\u00fc\u011fe girdi\u011fi, buna paralel olarak haz\u0131rlanan Hayvanlar\u0131n Korunmas\u0131 Hakk\u0131nda Uygulama Y\u00f6netmeli\u011fi&#8217;nin 13 Aral\u0131k 2024&#8217;te yay\u0131mland\u0131\u011f\u0131 hat\u0131rlat\u0131ld\u0131.<\/p>\n<p>5199 say\u0131l\u0131 Hayvanlar\u0131 Koruma Kanunu\u2019nun 15. maddesine g\u00f6re her ilde valinin ba\u015fkanl\u0131\u011f\u0131nda hayvanlar\u0131n korunmas\u0131 ve sorunlara \u00e7\u00f6z\u00fcm \u00f6nerileri i\u00e7in \u0130l Hayvanlar\u0131 Koruma Kurulu toplant\u0131lar\u0131 yap\u0131lmas\u0131 gerekti\u011fi vurguland\u0131. Ayr\u0131ca Y\u00f6netmelik uyar\u0131nca kurulun \u00fc\u00e7 ayda bir toplanmas\u0131 ve gerekti\u011finde ola\u011fan\u00fcst\u00fc toplant\u0131lar d\u00fczenlenebilece\u011fi ifade edildi.<\/p>\n<p>Bu kapsamda, \u015fubat ay\u0131 i\u00e7erisinde illerde ola\u011fan\u00fcst\u00fc \u0130l Hayvanlar\u0131 Koruma Kurulu toplant\u0131lar\u0131 d\u00fczenlenmesi talep edildi. Toplant\u0131larda hayvanlar\u0131n korunmas\u0131na y\u00f6nelik g\u00fcndem maddelerinin g\u00f6r\u00fc\u015f\u00fclerek kararlar al\u0131nd\u0131\u011f\u0131 belirtildi.<\/p>\n<p><strong>Yerel hayvan koruma g\u00f6revlisi kimlik kartlar\u0131 iptal edildi<\/strong><\/p>\n<p>Bu do\u011frultuda, yap\u0131lan kanun de\u011fi\u015fikli\u011fiyle, yerel hayvan koruma g\u00f6revlilerinin sorumluluklar\u0131&#8221; ba\u015fl\u0131kl\u0131 18. madde y\u00fcr\u00fcrl\u00fckten kald\u0131r\u0131ld\u0131. Bu \u00e7er\u00e7evede, mevcut yerel hayvan koruma g\u00f6revlisi kimlik kartlar\u0131n\u0131n iptal edilmesi ve gerekli duyurular\u0131n yap\u0131lmas\u0131 gerekti\u011fi belirtildi. Ayr\u0131ca, s\u00f6z konusu kimlik kartlar\u0131n\u0131n Do\u011fa Koruma ve Milli Parklar M\u00fcd\u00fcrl\u00fckleri taraf\u0131ndan teslim al\u0131narak imha edilmesi gerekti\u011fi vurguland\u0131.<\/p>\n<p><strong>Bak\u0131mevleri i\u00e7in 31 Aral\u0131k 2028&#8217;e kadar s\u00fcre verildi<\/strong><\/p>\n<p>5199 say\u0131l\u0131 Kanun ile n\u00fcfusu 25 bini a\u015fan belediyelere, hayvan bak\u0131mevi kurma ve mevcut bak\u0131mevlerinin ko\u015fullar\u0131n\u0131 iyile\u015ftirme i\u00e7in 31 Aral\u0131k 2028 tarihine kadar s\u00fcre verildi. Ancak, hayvanlar\u0131n toplanarak bak\u0131mevlerine g\u00f6t\u00fcr\u00fclmesi ve k\u00f6peklerin bak\u0131mevlerinde tutulmas\u0131yla ilgili h\u00fck\u00fcmler, Kanun\u2019un yay\u0131mland\u0131\u011f\u0131 tarihten itibaren y\u00fcr\u00fcrl\u00fc\u011fe girdi. Bu nedenle, hayvanlar\u0131n toplanmas\u0131 amac\u0131yla 2028 y\u0131l\u0131na kadar beklenmesi mevzuata ayk\u0131r\u0131 olarak de\u011ferlendirilecek.<\/p>\n<p><strong>Sahipsiz hayvanlar\u0131n geri b\u0131rak\u0131lmas\u0131 yasakland\u0131<\/strong><\/p>\n<p>5199 say\u0131l\u0131 Kanun&#8217;un 14. maddesi uyar\u0131nca, rehabilitasyon i\u015flemi tamamlanm\u0131\u015f dahi olsa, yerel y\u00f6netimler taraf\u0131ndan toplanan sahipsiz hayvanlar\u0131n bak\u0131mevi d\u0131\u015f\u0131nda herhangi bir yere terk edilmesi veya bak\u0131mevinde bar\u0131nd\u0131r\u0131lan k\u00f6peklerin geri b\u0131rak\u0131lmas\u0131 yasakland\u0131.<\/p>\n<p>Bu Kanun maddesine ayk\u0131r\u0131l\u0131k tespit edilmesi durumunda, 2025 y\u0131l\u0131 itibar\u0131yla her hayvan ba\u015f\u0131na 71 bin 965 TL idari para\u00a0<strong>ceza<\/strong>s\u0131 uygulanacak.<\/p>\n<p>Kanuna g\u00f6re, sahipsiz hayvanlar\u0131n toplanma i\u015flemlerine \u00f6ncelikle \u015fikayet, sald\u0131r\u0131 vakalar\u0131 ve kuduz gibi bula\u015f\u0131c\u0131 hastal\u0131k risklerinin y\u00fcksek oldu\u011fu alanlardan ba\u015flanacak. Y\u00f6netmeli\u011fin &#8220;\u0130l Hayvanlar\u0131 Koruma Kurulu G\u00f6rev ve Sorumluluklar\u0131&#8221; ba\u015fl\u0131kl\u0131 6. maddesinin birinci f\u0131kras\u0131n\u0131n (\u011f) bendine g\u00f6re, ki\u015filerin hayvan bak\u0131mevlerinden sahiplenebilece\u011fi hayvan say\u0131s\u0131 belirlenecek.<\/p>\n<p><strong>Tehlike arz eden hayvanlar sahiplendirilemeyecek<\/strong><\/p>\n<p>Bak\u0131mevine al\u0131nan k\u00f6peklerden, insan ve hayvanlar\u0131n hayat\u0131 ile sa\u011fl\u0131\u011f\u0131 i\u00e7in tehlike te\u015fkil eden, olumsuz davran\u0131\u015flar\u0131 kontrol edilemeyen, bula\u015f\u0131c\u0131 veya tedavi edilemeyen hastal\u0131\u011f\u0131 bulunan, sahiplenilmesi yasak olan hayvanlar, hi\u00e7bir gerek\u00e7eyle hayvan bak\u0131mevlerinden sahiplendirilemeyecek.<\/p>\n<p>Kedi ve k\u00f6peklerin, 08.10.2021 tarih ve 28078 say\u0131l\u0131 Resmi Gazete&#8217;de yay\u0131mlanan Ev Hayvanlar\u0131n\u0131n \u00dcretim, Sat\u0131\u015f, Bar\u0131nma ve E\u011fitim Yerleri Hakk\u0131nda Y\u00f6netmelik kapsam\u0131 d\u0131\u015f\u0131nda \u00fcretilmesi yasaklan\u0131rken, ka\u00e7ak \u00fcretimin ve sat\u0131\u015f\u0131n engellenmesi i\u00e7in gerekli denetim mekanizmalar\u0131 olu\u015fturulacak.<\/p>\n<p><strong>Hayvan bak\u0131mevi ve do\u011fal ya\u015fam alan\u0131 kapasitesi de\u011ferlendirilecek<\/strong><\/p>\n<p>Y\u00f6netmeli\u011fin &#8220;Yerel Y\u00f6netimlerin G\u00f6rev ve Sorumluluklar\u0131&#8221; ba\u015fl\u0131kl\u0131 7. maddesinin birinci f\u0131kras\u0131n\u0131n (p) bendine g\u00f6re, ildeki sahipsiz hayvan say\u0131s\u0131 g\u00f6z \u00f6n\u00fcnde bulundurularak hayvan bak\u0131mevleri ve do\u011fal ya\u015fam alanlar\u0131n\u0131n kapasitesi de\u011ferlendirilecek. E\u011fer mevcut kapasite yetersiz bulunursa, ilgili yerel y\u00f6netimler, Kanun kapsam\u0131nda ay\u0131rd\u0131klar\u0131 mali kaynaklar\u0131n\u0131n en az y\u00fczde 50&#8217;sini hayvan bak\u0131mevi ve do\u011fal ya\u015fam alan\u0131 yap\u0131m\u0131 ya da mevcut kapasitenin art\u0131r\u0131lmas\u0131 i\u00e7in harcamak zorunda kalacak.<\/p>\n<p><strong>Belediyelere kaynak ay\u0131rma y\u00fck\u00fcml\u00fcl\u00fc\u011f\u00fc<\/strong><\/p>\n<p>Kanun&#8217;un ge\u00e7ici 4. maddesinin ikinci f\u0131kras\u0131na g\u00f6re, belediyeler, 31 Aral\u0131k 2028 tarihine kadar hayvan bak\u0131mevi kurmak, rehabilitasyon i\u015flemleri yapmak ve sahipsiz hayvanlar\u0131 sahiplendirilinceye kadar bakmak i\u00e7in, kesinle\u015fmi\u015f en son b\u00fct\u00e7e gelirlerinin binde be\u015fi oran\u0131nda kaynak ay\u0131racak. B\u00fcy\u00fck\u015fehir belediyelerinde bu oran binde \u00fc\u00e7 olarak uygulanacak. Ayr\u0131lan kaynaklar ba\u015fka bir ama\u00e7 i\u00e7in kullan\u0131lamayacak.<\/p>\n<div id=\"ad_121\" data-pagespeed=\"true\" data-advert=\"temedya\" data-channel=\"121\"><\/div>\n<p>Kanun&#8217;un Ek 1. maddesinin \u00fc\u00e7\u00fcnc\u00fc f\u0131kras\u0131na g\u00f6re ise, belirtilen kayna\u011f\u0131 ay\u0131rmayan veya bu kayna\u011f\u0131 belirtilen ama\u00e7 d\u0131\u015f\u0131nda harcayan belediye ba\u015fkanlar\u0131 ve meclis \u00fcyeleri ile ilgili olarak, alt\u0131 aydan iki y\u0131la kadar hapis cezas\u0131 verilecek.<\/p>\n<div class=\"article-source py-3 small \"><span class=\"source-name pe-3\"><strong class=\"text-uppercase\">Kaynak:\u00a0<\/strong>TRTHABER<\/span><\/div>\n","protected":false},"excerpt":{"rendered":"<p>Tar\u0131m ve Orman Bakanl\u0131\u011f\u0131, Bakan \u0130brahim Yumakl\u0131&#8217;n\u0131n imzas\u0131yla 81 ildeki valiliklere \u0130l &#8220;Hayvanlar\u0131 Koruma Kurulu \u00c7al\u0131\u015fmalar\u0131&#8221; konulu yaz\u0131 g\u00f6nderdi. Yaz\u0131da, 7527 say\u0131l\u0131 Hayvanlar\u0131 Koruma Kanununda De\u011fi\u015fiklik Yap\u0131lmas\u0131na Dair Kanun&#8217;un 2 A\u011fustos 2024&#8217;te Resmi Gazete&#8217;de yay\u0131mlanarak y\u00fcr\u00fcrl\u00fc\u011fe girdi\u011fi, buna paralel olarak haz\u0131rlanan Hayvanlar\u0131n Korunmas\u0131 Hakk\u0131nda Uygulama Y\u00f6netmeli\u011fi&#8217;nin 13 Aral\u0131k 2024&#8217;te yay\u0131mland\u0131\u011f\u0131 hat\u0131rlat\u0131ld\u0131. 5199 say\u0131l\u0131 Hayvanlar\u0131 Koruma [&hellip;]<\/p>\n","protected":false},"author":1,"featured_media":463,"comment_status":"open","ping_status":"open","sticky":false,"template":"","format":"standard","meta":{"footnotes":""},"categories":[1,15,20,78,4,30],"tags":[124],"class_list":["post-462","post","type-post","status-publish","format-standard","has-post-thumbnail","hentry","category-genel","category-gundem","category-hayat","category-manset","category-van-haber","category-yasam","tag-belediyelere-her-sahipsiz-kopek-icin-71-bin-lira-ceza-uygulanacak"],"_links":{"self":[{"href":"https:\/\/vangoluhaber.com\/index.php\/wp-json\/wp\/v2\/posts\/462","targetHints":{"allow":["GET"]}}],"collection":[{"href":"https:\/\/vangoluhaber.com\/index.php\/wp-json\/wp\/v2\/posts"}],"about":[{"href":"https:\/\/vangoluhaber.com\/index.php\/wp-json\/wp\/v2\/types\/post"}],"author":[{"embeddable":true,"href":"https:\/\/vangoluhaber.com\/index.php\/wp-json\/wp\/v2\/users\/1"}],"replies":[{"embeddable":true,"href":"https:\/\/vangoluhaber.com\/index.php\/wp-json\/wp\/v2\/comments?post=462"}],"version-history":[{"count":1,"href":"https:\/\/vangoluhaber.com\/index.php\/wp-json\/wp\/v2\/posts\/462\/revisions"}],"predecessor-version":[{"id":464,"href":"https:\/\/vangoluhaber.com\/index.php\/wp-json\/wp\/v2\/posts\/462\/revisions\/464"}],"wp:featuredmedia":[{"embeddable":true,"href":"https:\/\/vangoluhaber.com\/index.php\/wp-json\/wp\/v2\/media\/463"}],"wp:attachment":[{"href":"https:\/\/vangoluhaber.com\/index.php\/wp-json\/wp\/v2\/media?parent=462"}],"wp:term":[{"taxonomy":"category","embeddable":true,"href":"https:\/\/vangoluhaber.com\/index.php\/wp-json\/wp\/v2\/categories?post=462"},{"taxonomy":"post_tag","embeddable":true,"href":"https:\/\/vangoluhaber.com\/index.php\/wp-json\/wp\/v2\/tags?post=462"}],"curies":[{"name":"wp","href":"https:\/\/api.w.org\/{rel}","templated":true}]}}