{"id":467,"date":"2025-02-10T21:52:53","date_gmt":"2025-02-10T18:52:53","guid":{"rendered":"http:\/\/vangoluhaber.com\/?p=467"},"modified":"2025-02-10T21:52:53","modified_gmt":"2025-02-10T18:52:53","slug":"emekli-maas-farklari-yarin-hesaplara-yatirilacak","status":"publish","type":"post","link":"https:\/\/vangoluhaber.com\/index.php\/2025\/02\/10\/emekli-maas-farklari-yarin-hesaplara-yatirilacak\/","title":{"rendered":"Emekli maa\u015f farklar\u0131 yar\u0131n hesaplara yat\u0131r\u0131lacak"},"content":{"rendered":"<p>Sosyal G\u00fcvenlik Kurumu (SGK) en d\u00fc\u015f\u00fck emekli maa\u015f\u0131n\u0131n 14 bin 469 liraya y\u00fckseltilmesi kapsam\u0131nda farklar\u0131n yar\u0131n hesaplara yat\u0131r\u0131laca\u011f\u0131n\u0131 bildirdi.<\/p>\n<p>SGK&#8217;den yap\u0131lan a\u00e7\u0131klamada, &#8220;Emeklilerimize ve hak sahiplerine fark tutarlar\u0131n\u0131 \u00f6d\u00fcyoruz. \u00d6demelerinizi gelir\/ayl\u0131k ald\u0131\u011f\u0131n\u0131z banka ve PTT \u015fubesinden \u00e7ekebilirsiniz. 11 \u015eubat 2025 tarihinde tahsil edebilirsiniz.&#8221; ifadelerine yer verildi.<\/p>\n","protected":false},"excerpt":{"rendered":"<p>Sosyal G\u00fcvenlik Kurumu (SGK) en d\u00fc\u015f\u00fck emekli maa\u015f\u0131n\u0131n 14 bin 469 liraya y\u00fckseltilmesi kapsam\u0131nda farklar\u0131n yar\u0131n hesaplara yat\u0131r\u0131laca\u011f\u0131n\u0131 bildirdi. SGK&#8217;den yap\u0131lan a\u00e7\u0131klamada, &#8220;Emeklilerimize ve hak sahiplerine fark tutarlar\u0131n\u0131 \u00f6d\u00fcyoruz. \u00d6demelerinizi gelir\/ayl\u0131k ald\u0131\u011f\u0131n\u0131z banka ve PTT \u015fubesinden \u00e7ekebilirsiniz. 11 \u015eubat 2025 tarihinde tahsil edebilirsiniz.&#8221; ifadelerine yer verildi.<\/p>\n","protected":false},"author":1,"featured_media":468,"comment_status":"open","ping_status":"open","sticky":false,"template":"","format":"standard","meta":{"footnotes":""},"categories":[1,15,78,4,30],"tags":[125],"class_list":["post-467","post","type-post","status-publish","format-standard","has-post-thumbnail","hentry","category-genel","category-gundem","category-manset","category-van-haber","category-yasam","tag-emekli-maas-farklari-yarin-hesaplara-yatirilacak"],"_links":{"self":[{"href":"https:\/\/vangoluhaber.com\/index.php\/wp-json\/wp\/v2\/posts\/467","targetHints":{"allow":["GET"]}}],"collection":[{"href":"https:\/\/vangoluhaber.com\/index.php\/wp-json\/wp\/v2\/posts"}],"about":[{"href":"https:\/\/vangoluhaber.com\/index.php\/wp-json\/wp\/v2\/types\/post"}],"author":[{"embeddable":true,"href":"https:\/\/vangoluhaber.com\/index.php\/wp-json\/wp\/v2\/users\/1"}],"replies":[{"embeddable":true,"href":"https:\/\/vangoluhaber.com\/index.php\/wp-json\/wp\/v2\/comments?post=467"}],"version-history":[{"count":1,"href":"https:\/\/vangoluhaber.com\/index.php\/wp-json\/wp\/v2\/posts\/467\/revisions"}],"predecessor-version":[{"id":469,"href":"https:\/\/vangoluhaber.com\/index.php\/wp-json\/wp\/v2\/posts\/467\/revisions\/469"}],"wp:featuredmedia":[{"embeddable":true,"href":"https:\/\/vangoluhaber.com\/index.php\/wp-json\/wp\/v2\/media\/468"}],"wp:attachment":[{"href":"https:\/\/vangoluhaber.com\/index.php\/wp-json\/wp\/v2\/media?parent=467"}],"wp:term":[{"taxonomy":"category","embeddable":true,"href":"https:\/\/vangoluhaber.com\/index.php\/wp-json\/wp\/v2\/categories?post=467"},{"taxonomy":"post_tag","embeddable":true,"href":"https:\/\/vangoluhaber.com\/index.php\/wp-json\/wp\/v2\/tags?post=467"}],"curies":[{"name":"wp","href":"https:\/\/api.w.org\/{rel}","templated":true}]}}