{"id":471,"date":"2025-02-10T22:08:03","date_gmt":"2025-02-10T19:08:03","guid":{"rendered":"http:\/\/vangoluhaber.com\/?p=471"},"modified":"2025-02-10T22:08:03","modified_gmt":"2025-02-10T19:08:03","slug":"elektrikte-yeni-tarifeden-muaf-olacak-kesim-belli-oldu","status":"publish","type":"post","link":"https:\/\/vangoluhaber.com\/index.php\/2025\/02\/10\/elektrikte-yeni-tarifeden-muaf-olacak-kesim-belli-oldu\/","title":{"rendered":"Elektrikte yeni tarifeden muaf olacak kesim belli oldu"},"content":{"rendered":"<header class=\"hbptHead\">\n<p class=\"description\">Elektrik faturalar\u0131nda yeni tarife y\u00fcr\u00fcrl\u00fc\u011fe girdi. Sa\u011fl\u0131k sorunlar\u0131 nedeniyle evde elektrikli cihaz ile ya\u015fayan hastalar\u0131n ikamet etti\u011fi meskenler ise, elektrikte 1 \u015eubat&#8217;ta devreye giren yeni tarifeden muaf olacak.<\/p>\n<\/header>\n<div id=\"news\"><\/div>\n<p><main class=\"mtm-20 hbptContent haber_metni\">Sa\u011fl\u0131k sorunlar\u0131 nedeniyle evde elektrikli cihaz ile ya\u015fayan hastalar\u0131n ikamet etti\u011fi meskenler, elektrikte 1 \u015eubat&#8217;ta devreye giren yeni tarifeden muaf olacak. Evlerinde sa\u011fl\u0131k sorunlar\u0131 sebebiyle cihaza ba\u011fl\u0131 hastalar\u0131 olan aboneler, ge\u00e7erli bir sa\u011fl\u0131k raporunu ba\u011fl\u0131 bulundu\u011fu elektrik da\u011f\u0131t\u0131m \u015firketine ibraz etmesi halinde d\u00fczenlemeden etkilenmeyecek.<\/p>\n<p id=\"inpage_reklam\">\n<p><iframe width=\"1\" height=\"1\" frameborder=\"0\" scrolling=\"no\" data-mce-fragment=\"1\"><\/iframe><\/p>\n<h3>GER\u00c7EK MAL\u0130YET FATURAYA YANSIYACAK<\/h3>\n<p>Elektrik faturalar\u0131nda yeni tarifeye g\u00f6re, 2024&#8217;te ayl\u0131k 417 kilovatsaat, y\u0131ll\u0131k toplam 5 bin kilovatsaati a\u015fan t\u00fcketime sahip gruplar, 1 \u015eubat itibar\u0131yla ger\u00e7ek maliyeti \u00f6deyecek. Elektrik abonelerinin y\u00fczde 97&#8217;si ise d\u00fczenlemeden etkilenmeyecek. Yakla\u015f\u0131k 42 milyon elektrik abonesinden 40 milyonunun faturas\u0131nda herhangi bir de\u011fi\u015fiklik olmayacak. \u00d6te yandan camiler, cemevleri, \u015fehit yak\u0131nlar\u0131, gaziler, tar\u0131msal faaliyetler, k\u00f6y i\u00e7me sular\u0131, Afet ve Acil Durum Y\u00f6netimi Ba\u015fkanl\u0131\u011f\u0131n\u0131n (AFAD) ge\u00e7ici bar\u0131nma yerleri ve dernekler ile sa\u011fl\u0131k sorunlar\u0131 nedeniyle cihaza ba\u011fl\u0131 aboneler d\u00fczenlemeden muaf tutulacak.<\/p>\n<h3>DA\u011eITIM \u015e\u0130RKETLER\u0130 SA\u011eLIK RAPORUNUN YEN\u0130LENMES\u0130N\u0130 20 G\u00dcN \u00d6NCE HATIRLATACAK<\/h3>\n<p>Sa\u011fl\u0131k sorunlar\u0131 sebebiyle cihaza ba\u011fl\u0131 t\u00fcketicilerin, son kaynak tedarik tarifesi kapsam\u0131ndaki limiti daha \u00f6nce oldu\u011fu gibi y\u0131lda 100 milyon kilovatsaat olarak uygulanmaya devam edecek. Elektrik da\u011f\u0131t\u0131m \u015firketleri elektrikle \u00e7al\u0131\u015fan diyaliz destek \u00fcnitesi, solunum cihaz\u0131 ve benzeri mahiyette ya\u015fam destek cihazlar\u0131na ba\u011f\u0131ml\u0131 olan ve destekleyici belgelere sahip t\u00fcketicilerin yaz\u0131l\u0131 ba\u015fvurusu ile i\u015flemleri ger\u00e7ekle\u015ftirecek. \u015eirketler ayr\u0131ca, bu istisnadan faydalanan abonelere sa\u011fl\u0131k raporunun s\u00fcresi dolmadan 20 g\u00fcn \u00f6nce raporun yenilenmesini hat\u0131rlatacak. Planl\u0131 elektrik kesintilerinde ise bu t\u00fcketiciler elektrik da\u011f\u0131t\u0131m \u015firketleri taraf\u0131ndan t\u00fcketicinin belirledi\u011fi ileti\u015fim arac\u0131yla \u00f6ncelikle bilgilendirilecek.<\/p>\n<p>Kaynak: AA \/\u00a0<a class=\"hbdtEidtorlink\" title=\"G\u00fcl\u015fen \u00c7a\u011fatay\" href=\"https:\/\/www.haberler.com\/editor-haberleri\/gulsen-cagatay\/\">G\u00fcl\u015fen \u00c7a\u011fatay<\/a>\u00a0&#8211;\u00a0<a title=\"Ekonomi Haberleri\" href=\"https:\/\/www.haberler.com\/ekonomi\/\">Ekonomi<\/a><\/p>\n<p><\/main><\/p>\n","protected":false},"excerpt":{"rendered":"<p>Elektrik faturalar\u0131nda yeni tarife y\u00fcr\u00fcrl\u00fc\u011fe girdi. Sa\u011fl\u0131k sorunlar\u0131 nedeniyle evde elektrikli cihaz ile ya\u015fayan hastalar\u0131n ikamet etti\u011fi meskenler ise, elektrikte 1 \u015eubat&#8217;ta devreye giren yeni tarifeden muaf olacak. Sa\u011fl\u0131k sorunlar\u0131 nedeniyle evde elektrikli cihaz ile ya\u015fayan hastalar\u0131n ikamet etti\u011fi meskenler, elektrikte 1 \u015eubat&#8217;ta devreye giren yeni tarifeden muaf olacak. Evlerinde sa\u011fl\u0131k sorunlar\u0131 sebebiyle cihaza ba\u011fl\u0131 [&hellip;]<\/p>\n","protected":false},"author":1,"featured_media":472,"comment_status":"open","ping_status":"open","sticky":false,"template":"","format":"standard","meta":{"footnotes":""},"categories":[1,15,78,4,30],"tags":[126],"class_list":["post-471","post","type-post","status-publish","format-standard","has-post-thumbnail","hentry","category-genel","category-gundem","category-manset","category-van-haber","category-yasam","tag-elektrikte-yeni-tarifeden-muaf-olacak-kesim-belli-oldu"],"_links":{"self":[{"href":"https:\/\/vangoluhaber.com\/index.php\/wp-json\/wp\/v2\/posts\/471","targetHints":{"allow":["GET"]}}],"collection":[{"href":"https:\/\/vangoluhaber.com\/index.php\/wp-json\/wp\/v2\/posts"}],"about":[{"href":"https:\/\/vangoluhaber.com\/index.php\/wp-json\/wp\/v2\/types\/post"}],"author":[{"embeddable":true,"href":"https:\/\/vangoluhaber.com\/index.php\/wp-json\/wp\/v2\/users\/1"}],"replies":[{"embeddable":true,"href":"https:\/\/vangoluhaber.com\/index.php\/wp-json\/wp\/v2\/comments?post=471"}],"version-history":[{"count":1,"href":"https:\/\/vangoluhaber.com\/index.php\/wp-json\/wp\/v2\/posts\/471\/revisions"}],"predecessor-version":[{"id":473,"href":"https:\/\/vangoluhaber.com\/index.php\/wp-json\/wp\/v2\/posts\/471\/revisions\/473"}],"wp:featuredmedia":[{"embeddable":true,"href":"https:\/\/vangoluhaber.com\/index.php\/wp-json\/wp\/v2\/media\/472"}],"wp:attachment":[{"href":"https:\/\/vangoluhaber.com\/index.php\/wp-json\/wp\/v2\/media?parent=471"}],"wp:term":[{"taxonomy":"category","embeddable":true,"href":"https:\/\/vangoluhaber.com\/index.php\/wp-json\/wp\/v2\/categories?post=471"},{"taxonomy":"post_tag","embeddable":true,"href":"https:\/\/vangoluhaber.com\/index.php\/wp-json\/wp\/v2\/tags?post=471"}],"curies":[{"name":"wp","href":"https:\/\/api.w.org\/{rel}","templated":true}]}}