{"id":475,"date":"2025-02-11T20:41:41","date_gmt":"2025-02-11T17:41:41","guid":{"rendered":"http:\/\/vangoluhaber.com\/?p=475"},"modified":"2025-02-11T20:41:41","modified_gmt":"2025-02-11T17:41:41","slug":"vanin-tusba-ilce-saglik-mudurlugu-sigarayi-birakma-gunu-etkinlikleri-kapsaminda-emniyet-mudurlugu-yerleskesinde-stant-kurarak-bilgilendirmede-bulundu","status":"publish","type":"post","link":"https:\/\/vangoluhaber.com\/index.php\/2025\/02\/11\/vanin-tusba-ilce-saglik-mudurlugu-sigarayi-birakma-gunu-etkinlikleri-kapsaminda-emniyet-mudurlugu-yerleskesinde-stant-kurarak-bilgilendirmede-bulundu\/","title":{"rendered":"Van\u2019\u0131n Tu\u015fba \u0130l\u00e7e Sa\u011fl\u0131k M\u00fcd\u00fcrl\u00fc\u011f\u00fc, \u2018Sigaray\u0131 B\u0131rakma G\u00fcn\u00fc\u2019 etkinlikleri kapsam\u0131nda emniyet m\u00fcd\u00fcrl\u00fc\u011f\u00fc yerle\u015fkesinde stant kurarak bilgilendirmede bulundu"},"content":{"rendered":"<p>Van\u2019\u0131n Tu\u015fba \u0130l\u00e7e Sa\u011fl\u0131k M\u00fcd\u00fcrl\u00fc\u011f\u00fc, \u2018Sigaray\u0131 B\u0131rakma G\u00fcn\u00fc\u2019 etkinlikleri kapsam\u0131nda emniyet m\u00fcd\u00fcrl\u00fc\u011f\u00fc yerle\u015fkesinde stant kurarak bilgilendirmede bulundu.<\/p>\n<p>&nbsp;<\/p>\n<p>Tu\u015fba \u0130l\u00e7e Sa\u011fl\u0131k M\u00fcd\u00fcrl\u00fc\u011f\u00fc, Sa\u011fl\u0131k Bakanl\u0131\u011f\u0131 Halk Sa\u011fl\u0131\u011f\u0131 Genel M\u00fcd\u00fcrl\u00fc\u011f\u00fcn\u00fcn \u20182025 Y\u0131l\u0131, Sigaray\u0131 B\u0131rakt\u0131\u011f\u0131n\u0131z Y\u0131l Olsun\u2019 slogan\u0131yla ba\u015flatt\u0131\u011f\u0131 \u00e7al\u0131\u015fmalar kapsam\u0131nda Van Emniyet M\u00fcd\u00fcrl\u00fc\u011f\u00fc yerle\u015fkesinde stant a\u00e7t\u0131. Sigara i\u00e7en polis memurlar\u0131n\u0131 sigaray\u0131 b\u0131rakmalar\u0131 i\u00e7in bilgilendiren g\u00f6revliler, stand\u0131 ziyaret edenlerin karbonmonoksit \u00f6l\u00e7\u00fcmlerini de yapt\u0131lar.<\/p>\n<p>&nbsp;<\/p>\n<p>Van Emniyet M\u00fcd\u00fcr\u00fc Murat Mutlu da stand\u0131 ziyaret ederek, sigaray\u0131 b\u0131rakmak i\u00e7in bu \u00e7al\u0131\u015fmalar\u0131n bir f\u0131rsat oldu\u011funu belirterek, sigara kullanan herkesi muhakkak sigara b\u0131rakma poliklini\u011fine giderek karbonmonoksit \u00f6l\u00e7\u00fcm\u00fc yaparak tedaviye ba\u015flamas\u0131 gerekti\u011fini s\u00f6yledi.<\/p>\n<p>&nbsp;<\/p>\n<p>Etkinlikle ilgili sosyal medya hesab\u0131ndan a\u00e7\u0131klamalarda bulunan Tu\u015fba \u0130l\u00e7e Sa\u011fl\u0131k M\u00fcd\u00fcr\u00fc Dr. Semra G\u00fcm\u00fc\u015f, m\u00fcd\u00fcrl\u00fck olarak sigara b\u0131rakma poliklini\u011finde g\u00f6rev yapan doktor ve hem\u015firelerle beraber Van Emniyet M\u00fcd\u00fcrl\u00fc\u011f\u00fcne geldiklerini belirterek, &#8220;Sigara b\u0131rakmak isteyen emniyet personeli i\u00e7in stant a\u00e7t\u0131k. Karbonmonoksit \u00f6l\u00e7\u00fcm\u00fc yaparak toplumda sa\u011fl\u0131kl\u0131 ya\u015fam bilincini geli\u015ftirmeye devam edece\u011fiz. T\u00fct\u00fcn kullan\u0131m\u0131 ve zararlar\u0131 konusunda fark\u0131ndal\u0131k olu\u015fturmak, t\u00fct\u00fcn \u00fcr\u00fcn\u00fc kullananlara b\u0131rakmalar\u0131 y\u00f6n\u00fcnde te\u015fvik etmek amac\u0131yla \u00e7al\u0131\u015fmalar\u0131m\u0131z\u0131 s\u00fcrd\u00fcrece\u011fiz. Sigara kullanan ve b\u0131rakmak isteyenleri sa\u011fl\u0131kl\u0131 hayat merkezlerindeki sigara b\u0131rakma polikliniklerine davet ediyoruz. D\u00fcnya Sigaray\u0131 B\u0131rakma G\u00fcn\u00fc vesilesi ile t\u00fcm vatanda\u015flar\u0131m\u0131z\u0131 sigaray\u0131 b\u0131rakmaya, sa\u011fl\u0131kl\u0131 beslenmeye, hareket etmeye ve fiziksel aktiviteye davet ediyorum. ALO 171 Sigara B\u0131rakma Dan\u0131\u015fma Hatt\u0131\u2019n\u0131 arayabilir, uzman deste\u011fi alarak sigara ba\u011f\u0131ml\u0131l\u0131\u011f\u0131ndan kurtulabilirsiniz&#8221; dedi.<\/p>\n","protected":false},"excerpt":{"rendered":"<p>Van\u2019\u0131n Tu\u015fba \u0130l\u00e7e Sa\u011fl\u0131k M\u00fcd\u00fcrl\u00fc\u011f\u00fc, \u2018Sigaray\u0131 B\u0131rakma G\u00fcn\u00fc\u2019 etkinlikleri kapsam\u0131nda emniyet m\u00fcd\u00fcrl\u00fc\u011f\u00fc yerle\u015fkesinde stant kurarak bilgilendirmede bulundu. &nbsp; Tu\u015fba \u0130l\u00e7e Sa\u011fl\u0131k M\u00fcd\u00fcrl\u00fc\u011f\u00fc, Sa\u011fl\u0131k Bakanl\u0131\u011f\u0131 Halk Sa\u011fl\u0131\u011f\u0131 Genel M\u00fcd\u00fcrl\u00fc\u011f\u00fcn\u00fcn \u20182025 Y\u0131l\u0131, Sigaray\u0131 B\u0131rakt\u0131\u011f\u0131n\u0131z Y\u0131l Olsun\u2019 slogan\u0131yla ba\u015flatt\u0131\u011f\u0131 \u00e7al\u0131\u015fmalar kapsam\u0131nda Van Emniyet M\u00fcd\u00fcrl\u00fc\u011f\u00fc yerle\u015fkesinde stant a\u00e7t\u0131. Sigara i\u00e7en polis memurlar\u0131n\u0131 sigaray\u0131 b\u0131rakmalar\u0131 i\u00e7in bilgilendiren g\u00f6revliler, stand\u0131 ziyaret [&hellip;]<\/p>\n","protected":false},"author":1,"featured_media":476,"comment_status":"open","ping_status":"open","sticky":false,"template":"","format":"standard","meta":{"footnotes":""},"categories":[1,15,20,78,4],"tags":[128,127],"class_list":["post-475","post","type-post","status-publish","format-standard","has-post-thumbnail","hentry","category-genel","category-gundem","category-hayat","category-manset","category-van-haber","tag-sigarayi-birakma-gunu-etkinlikleri-kapsaminda-emniyet-mudurlugu-yerleskesinde-stant-kurarak-bilgilendirmede-bulundu","tag-vanin-tusba-ilce-saglik-mudurlugu"],"_links":{"self":[{"href":"https:\/\/vangoluhaber.com\/index.php\/wp-json\/wp\/v2\/posts\/475","targetHints":{"allow":["GET"]}}],"collection":[{"href":"https:\/\/vangoluhaber.com\/index.php\/wp-json\/wp\/v2\/posts"}],"about":[{"href":"https:\/\/vangoluhaber.com\/index.php\/wp-json\/wp\/v2\/types\/post"}],"author":[{"embeddable":true,"href":"https:\/\/vangoluhaber.com\/index.php\/wp-json\/wp\/v2\/users\/1"}],"replies":[{"embeddable":true,"href":"https:\/\/vangoluhaber.com\/index.php\/wp-json\/wp\/v2\/comments?post=475"}],"version-history":[{"count":1,"href":"https:\/\/vangoluhaber.com\/index.php\/wp-json\/wp\/v2\/posts\/475\/revisions"}],"predecessor-version":[{"id":477,"href":"https:\/\/vangoluhaber.com\/index.php\/wp-json\/wp\/v2\/posts\/475\/revisions\/477"}],"wp:featuredmedia":[{"embeddable":true,"href":"https:\/\/vangoluhaber.com\/index.php\/wp-json\/wp\/v2\/media\/476"}],"wp:attachment":[{"href":"https:\/\/vangoluhaber.com\/index.php\/wp-json\/wp\/v2\/media?parent=475"}],"wp:term":[{"taxonomy":"category","embeddable":true,"href":"https:\/\/vangoluhaber.com\/index.php\/wp-json\/wp\/v2\/categories?post=475"},{"taxonomy":"post_tag","embeddable":true,"href":"https:\/\/vangoluhaber.com\/index.php\/wp-json\/wp\/v2\/tags?post=475"}],"curies":[{"name":"wp","href":"https:\/\/api.w.org\/{rel}","templated":true}]}}