{"id":492,"date":"2025-02-11T20:56:03","date_gmt":"2025-02-11T17:56:03","guid":{"rendered":"http:\/\/vangoluhaber.com\/?p=492"},"modified":"2025-02-11T20:56:03","modified_gmt":"2025-02-11T17:56:03","slug":"bakan-isikhandan-emekli-bayram-ikramiyeleri-ile-ilgili-aciklama","status":"publish","type":"post","link":"https:\/\/vangoluhaber.com\/index.php\/2025\/02\/11\/bakan-isikhandan-emekli-bayram-ikramiyeleri-ile-ilgili-aciklama\/","title":{"rendered":"Bakan I\u015f\u0131khan&#8217;dan emekli bayram ikramiyeleri ile ilgili a\u00e7\u0131klama"},"content":{"rendered":"<p class=\"spot\">\u00c7al\u0131\u015fma ve Sosyal G\u00fcvenlik Bakan\u0131 Vedat I\u015f\u0131khan milyonlar\u0131n merakla bekledi\u011fi emekli bayram ikramiyeleri ile ilgili sevindiren haberi verdi. Bakan I\u015f\u0131khan, emeklilerin bayram ikramiyeleri i\u00e7in \u00e7al\u0131\u015fma yap\u0131laca\u011f\u0131n\u0131 a\u00e7\u0131klad\u0131.<\/p>\n<p>En d\u00fc\u015f\u00fck emekli maa\u015f\u0131n\u0131n belli olmas\u0131n\u0131n ard\u0131ndan bug\u00fcn itibar\u0131yla 1.969 liral\u0131k fark \u00f6demeleri ba\u015flad\u0131. Milyonlarca emeklinin g\u00f6z\u00fc Ramazan Bayram\u0131&#8217;nda \u00f6denecek bayram ikramiyelerine \u00e7evirildi. \u00c7al\u0131\u015fma ve Sosyal G\u00fcvenlik Bakan\u0131 Vedat I\u015f\u0131khan, emekli bayram ikramiyeleri ile ilgili a\u00e7\u0131klama yapt\u0131.<\/p>\n<p><strong>RAKAM \u0130\u00c7\u0130N ERKEN<\/strong><\/p>\n<p>Emekli maa\u015flar\u0131na yap\u0131lan y\u00fczde 15,74&#8217;l\u00fck zam sonras\u0131 bayram ikramiyeleri i\u00e7in de bir d\u00fczenleme yap\u0131lmas\u0131 bekleniyor. Ge\u00e7ti\u011fimiz y\u0131l 2 bin lira olarak \u00f6denen ikramiyeler y\u00fczde 50 zamla beraber 3 bin lira oldu. Bakan I\u015f\u0131khan konuyla ilgili yapt\u0131\u011f\u0131 a\u00e7\u0131klamada, &#8220;Emeklilerin bayram ikramiyesi ile ilgili \u00e7al\u0131\u015fma yapaca\u011f\u0131z. \u015eu an rakam s\u00f6ylemek i\u00e7in erken&#8221; ifadelerini kulland\u0131.<\/p>\n","protected":false},"excerpt":{"rendered":"<p>\u00c7al\u0131\u015fma ve Sosyal G\u00fcvenlik Bakan\u0131 Vedat I\u015f\u0131khan milyonlar\u0131n merakla bekledi\u011fi emekli bayram ikramiyeleri ile ilgili sevindiren haberi verdi. Bakan I\u015f\u0131khan, emeklilerin bayram ikramiyeleri i\u00e7in \u00e7al\u0131\u015fma yap\u0131laca\u011f\u0131n\u0131 a\u00e7\u0131klad\u0131. En d\u00fc\u015f\u00fck emekli maa\u015f\u0131n\u0131n belli olmas\u0131n\u0131n ard\u0131ndan bug\u00fcn itibar\u0131yla 1.969 liral\u0131k fark \u00f6demeleri ba\u015flad\u0131. Milyonlarca emeklinin g\u00f6z\u00fc Ramazan Bayram\u0131&#8217;nda \u00f6denecek bayram ikramiyelerine \u00e7evirildi. \u00c7al\u0131\u015fma ve Sosyal G\u00fcvenlik Bakan\u0131 [&hellip;]<\/p>\n","protected":false},"author":1,"featured_media":493,"comment_status":"open","ping_status":"open","sticky":false,"template":"","format":"standard","meta":{"footnotes":""},"categories":[1,15,20,78,4,30],"tags":[132],"class_list":["post-492","post","type-post","status-publish","format-standard","has-post-thumbnail","hentry","category-genel","category-gundem","category-hayat","category-manset","category-van-haber","category-yasam","tag-bakan-isikhandan-emekli-bayram-ikramiyeleri-ile-ilgili-aciklama"],"_links":{"self":[{"href":"https:\/\/vangoluhaber.com\/index.php\/wp-json\/wp\/v2\/posts\/492","targetHints":{"allow":["GET"]}}],"collection":[{"href":"https:\/\/vangoluhaber.com\/index.php\/wp-json\/wp\/v2\/posts"}],"about":[{"href":"https:\/\/vangoluhaber.com\/index.php\/wp-json\/wp\/v2\/types\/post"}],"author":[{"embeddable":true,"href":"https:\/\/vangoluhaber.com\/index.php\/wp-json\/wp\/v2\/users\/1"}],"replies":[{"embeddable":true,"href":"https:\/\/vangoluhaber.com\/index.php\/wp-json\/wp\/v2\/comments?post=492"}],"version-history":[{"count":1,"href":"https:\/\/vangoluhaber.com\/index.php\/wp-json\/wp\/v2\/posts\/492\/revisions"}],"predecessor-version":[{"id":494,"href":"https:\/\/vangoluhaber.com\/index.php\/wp-json\/wp\/v2\/posts\/492\/revisions\/494"}],"wp:featuredmedia":[{"embeddable":true,"href":"https:\/\/vangoluhaber.com\/index.php\/wp-json\/wp\/v2\/media\/493"}],"wp:attachment":[{"href":"https:\/\/vangoluhaber.com\/index.php\/wp-json\/wp\/v2\/media?parent=492"}],"wp:term":[{"taxonomy":"category","embeddable":true,"href":"https:\/\/vangoluhaber.com\/index.php\/wp-json\/wp\/v2\/categories?post=492"},{"taxonomy":"post_tag","embeddable":true,"href":"https:\/\/vangoluhaber.com\/index.php\/wp-json\/wp\/v2\/tags?post=492"}],"curies":[{"name":"wp","href":"https:\/\/api.w.org\/{rel}","templated":true}]}}