{"id":551,"date":"2025-02-20T21:43:17","date_gmt":"2025-02-20T18:43:17","guid":{"rendered":"http:\/\/vangoluhaber.com\/?p=551"},"modified":"2025-02-20T21:43:17","modified_gmt":"2025-02-20T18:43:17","slug":"vanda-kar-yagisi-264-yerlesim-yerinin-yolu-kapandi","status":"publish","type":"post","link":"https:\/\/vangoluhaber.com\/index.php\/2025\/02\/20\/vanda-kar-yagisi-264-yerlesim-yerinin-yolu-kapandi\/","title":{"rendered":"Van\u2019da kar ya\u011f\u0131\u015f\u0131: 264 yerle\u015fim yerinin yolu kapand\u0131"},"content":{"rendered":"<p>Van\u2019da etkili olan kar ya\u011f\u0131\u015f\u0131 nedeniyle 264 yerle\u015fim yerinin yolu ula\u015f\u0131ma kapan\u0131rken, b\u00fcy\u00fck\u015fehir belediye ekipleri yollar\u0131 yeniden a\u00e7mak i\u00e7in \u00e7al\u0131\u015fmalar\u0131n\u0131 s\u00fcrd\u00fcr\u00fcyor.<\/p>\n<p>&nbsp;<\/p>\n<p>B\u00fcy\u00fck\u015fehir Belediyesi Yol Yap\u0131m Bak\u0131m ve Onar\u0131m Dairesi Ba\u015fkanl\u0131\u011f\u0131na ba\u011fl\u0131 karla m\u00fccadele ekipleri, kentin k\u0131rsal il\u00e7elerinde etkili olan kar ya\u011f\u0131\u015f\u0131 sonras\u0131 \u00e7al\u0131\u015fma ba\u015flatt\u0131. Ekipler, Bah\u00e7esaray\u2019da 19 mahalle ve 52 mezra, Ba\u015fkale\u2019de 1 mahalle ve 1 mezra, \u00c7ald\u0131ran\u2019da 10 mahalle ve 7 mezra, \u00c7atak\u2019ta 22 mahalle ve 78 mezra, Erci\u015f\u2019te 11 mahalle ve 3 mezra, Geva\u015f\u2019ta 10 mahalle ve 10 mezra ve G\u00fcrp\u0131nar il\u00e7esinde 9 mahalle ve 31 mezra olmak \u00fczere 82 mahalle ve 182 mezra yolunda karla m\u00fccadele \u00e7al\u0131\u015fmas\u0131 yap\u0131yor.<\/p>\n<p>&nbsp;<\/p>\n<p>Ula\u015f\u0131ma kapanan yerle\u015fim yerlerinin yeniden a\u00e7\u0131lmas\u0131 i\u00e7in hummal\u0131 bir \u00e7al\u0131\u015fma y\u00fcr\u00fcten ekipler, ayr\u0131ca yolda mahsur kalan \u00e7ok say\u0131 ara\u00e7 ve vatanda\u015f\u0131 da kurtard\u0131.<\/p>\n","protected":false},"excerpt":{"rendered":"<p>Van\u2019da etkili olan kar ya\u011f\u0131\u015f\u0131 nedeniyle 264 yerle\u015fim yerinin yolu ula\u015f\u0131ma kapan\u0131rken, b\u00fcy\u00fck\u015fehir belediye ekipleri yollar\u0131 yeniden a\u00e7mak i\u00e7in \u00e7al\u0131\u015fmalar\u0131n\u0131 s\u00fcrd\u00fcr\u00fcyor. &nbsp; B\u00fcy\u00fck\u015fehir Belediyesi Yol Yap\u0131m Bak\u0131m ve Onar\u0131m Dairesi Ba\u015fkanl\u0131\u011f\u0131na ba\u011fl\u0131 karla m\u00fccadele ekipleri, kentin k\u0131rsal il\u00e7elerinde etkili olan kar ya\u011f\u0131\u015f\u0131 sonras\u0131 \u00e7al\u0131\u015fma ba\u015flatt\u0131. Ekipler, Bah\u00e7esaray\u2019da 19 mahalle ve 52 mezra, Ba\u015fkale\u2019de 1 mahalle [&hellip;]<\/p>\n","protected":false},"author":1,"featured_media":552,"comment_status":"open","ping_status":"open","sticky":false,"template":"","format":"standard","meta":{"footnotes":""},"categories":[1,15,20,78,4,30],"tags":[143],"class_list":["post-551","post","type-post","status-publish","format-standard","has-post-thumbnail","hentry","category-genel","category-gundem","category-hayat","category-manset","category-van-haber","category-yasam","tag-vanda-kar-yagisi-264-yerlesim-yerinin-yolu-kapandi"],"_links":{"self":[{"href":"https:\/\/vangoluhaber.com\/index.php\/wp-json\/wp\/v2\/posts\/551","targetHints":{"allow":["GET"]}}],"collection":[{"href":"https:\/\/vangoluhaber.com\/index.php\/wp-json\/wp\/v2\/posts"}],"about":[{"href":"https:\/\/vangoluhaber.com\/index.php\/wp-json\/wp\/v2\/types\/post"}],"author":[{"embeddable":true,"href":"https:\/\/vangoluhaber.com\/index.php\/wp-json\/wp\/v2\/users\/1"}],"replies":[{"embeddable":true,"href":"https:\/\/vangoluhaber.com\/index.php\/wp-json\/wp\/v2\/comments?post=551"}],"version-history":[{"count":1,"href":"https:\/\/vangoluhaber.com\/index.php\/wp-json\/wp\/v2\/posts\/551\/revisions"}],"predecessor-version":[{"id":553,"href":"https:\/\/vangoluhaber.com\/index.php\/wp-json\/wp\/v2\/posts\/551\/revisions\/553"}],"wp:featuredmedia":[{"embeddable":true,"href":"https:\/\/vangoluhaber.com\/index.php\/wp-json\/wp\/v2\/media\/552"}],"wp:attachment":[{"href":"https:\/\/vangoluhaber.com\/index.php\/wp-json\/wp\/v2\/media?parent=551"}],"wp:term":[{"taxonomy":"category","embeddable":true,"href":"https:\/\/vangoluhaber.com\/index.php\/wp-json\/wp\/v2\/categories?post=551"},{"taxonomy":"post_tag","embeddable":true,"href":"https:\/\/vangoluhaber.com\/index.php\/wp-json\/wp\/v2\/tags?post=551"}],"curies":[{"name":"wp","href":"https:\/\/api.w.org\/{rel}","templated":true}]}}