{"id":556,"date":"2025-02-20T21:45:16","date_gmt":"2025-02-20T18:45:16","guid":{"rendered":"http:\/\/vangoluhaber.com\/?p=556"},"modified":"2025-02-20T21:45:16","modified_gmt":"2025-02-20T18:45:16","slug":"vanda-69-duzensiz-gocmen-yakalandi","status":"publish","type":"post","link":"https:\/\/vangoluhaber.com\/index.php\/2025\/02\/20\/vanda-69-duzensiz-gocmen-yakalandi\/","title":{"rendered":"Van\u2019da 69 d\u00fczensiz g\u00f6\u00e7men yakaland\u0131"},"content":{"rendered":"<p>Van\u2019\u0131n Muradiye il\u00e7esinde jandarma ekipleri taraf\u0131ndan bir t\u0131rda 69 d\u00fczensiz g\u00f6\u00e7men ile 5 organizat\u00f6r yakaland\u0131.<\/p>\n<p>&nbsp;<\/p>\n<p>Muradiye \u0130l\u00e7e Jandarma Komutanl\u0131\u011f\u0131 ekiplerince devriye faaliyeti esnas\u0131nda \u015f\u00fcphe \u00fczerine durdurulan bir t\u0131r\u0131n dorsesinde arama yap\u0131ld\u0131. Yap\u0131lan aramada yurda yasa d\u0131\u015f\u0131 yollardan giri\u015f yapan 69 d\u00fczensiz g\u00f6\u00e7men yakaland\u0131. Muradiye Cumhuriyet Ba\u015fsavc\u0131l\u0131\u011f\u0131n\u0131n talimat\u0131yla g\u00f6\u00e7men ka\u00e7ak\u00e7\u0131l\u0131\u011f\u0131 \u015f\u00fcphesiyle E.T., B.\u00d6., S.\u015e., M.G., ve F.K. isimli \u015fah\u0131slar da g\u00f6zalt\u0131na al\u0131nd\u0131. Ka\u00e7ak g\u00f6\u00e7menler, Van \u0130l G\u00f6\u00e7 \u0130daresi M\u00fcd\u00fcrl\u00fc\u011f\u00fc Geri G\u00f6nderme Merkezi\u2019ne teslim edildi.<\/p>\n","protected":false},"excerpt":{"rendered":"<p>Van\u2019\u0131n Muradiye il\u00e7esinde jandarma ekipleri taraf\u0131ndan bir t\u0131rda 69 d\u00fczensiz g\u00f6\u00e7men ile 5 organizat\u00f6r yakaland\u0131. &nbsp; Muradiye \u0130l\u00e7e Jandarma Komutanl\u0131\u011f\u0131 ekiplerince devriye faaliyeti esnas\u0131nda \u015f\u00fcphe \u00fczerine durdurulan bir t\u0131r\u0131n dorsesinde arama yap\u0131ld\u0131. Yap\u0131lan aramada yurda yasa d\u0131\u015f\u0131 yollardan giri\u015f yapan 69 d\u00fczensiz g\u00f6\u00e7men yakaland\u0131. Muradiye Cumhuriyet Ba\u015fsavc\u0131l\u0131\u011f\u0131n\u0131n talimat\u0131yla g\u00f6\u00e7men ka\u00e7ak\u00e7\u0131l\u0131\u011f\u0131 \u015f\u00fcphesiyle E.T., B.\u00d6., S.\u015e., M.G., [&hellip;]<\/p>\n","protected":false},"author":1,"featured_media":557,"comment_status":"open","ping_status":"open","sticky":false,"template":"","format":"standard","meta":{"footnotes":""},"categories":[1,15,78,4,30],"tags":[144],"class_list":["post-556","post","type-post","status-publish","format-standard","has-post-thumbnail","hentry","category-genel","category-gundem","category-manset","category-van-haber","category-yasam","tag-vanda-69-duzensiz-gocmen-yakalandi"],"_links":{"self":[{"href":"https:\/\/vangoluhaber.com\/index.php\/wp-json\/wp\/v2\/posts\/556","targetHints":{"allow":["GET"]}}],"collection":[{"href":"https:\/\/vangoluhaber.com\/index.php\/wp-json\/wp\/v2\/posts"}],"about":[{"href":"https:\/\/vangoluhaber.com\/index.php\/wp-json\/wp\/v2\/types\/post"}],"author":[{"embeddable":true,"href":"https:\/\/vangoluhaber.com\/index.php\/wp-json\/wp\/v2\/users\/1"}],"replies":[{"embeddable":true,"href":"https:\/\/vangoluhaber.com\/index.php\/wp-json\/wp\/v2\/comments?post=556"}],"version-history":[{"count":1,"href":"https:\/\/vangoluhaber.com\/index.php\/wp-json\/wp\/v2\/posts\/556\/revisions"}],"predecessor-version":[{"id":558,"href":"https:\/\/vangoluhaber.com\/index.php\/wp-json\/wp\/v2\/posts\/556\/revisions\/558"}],"wp:featuredmedia":[{"embeddable":true,"href":"https:\/\/vangoluhaber.com\/index.php\/wp-json\/wp\/v2\/media\/557"}],"wp:attachment":[{"href":"https:\/\/vangoluhaber.com\/index.php\/wp-json\/wp\/v2\/media?parent=556"}],"wp:term":[{"taxonomy":"category","embeddable":true,"href":"https:\/\/vangoluhaber.com\/index.php\/wp-json\/wp\/v2\/categories?post=556"},{"taxonomy":"post_tag","embeddable":true,"href":"https:\/\/vangoluhaber.com\/index.php\/wp-json\/wp\/v2\/tags?post=556"}],"curies":[{"name":"wp","href":"https:\/\/api.w.org\/{rel}","templated":true}]}}