{"id":593,"date":"2025-02-23T22:12:25","date_gmt":"2025-02-23T19:12:25","guid":{"rendered":"http:\/\/vangoluhaber.com\/?p=593"},"modified":"2025-02-23T22:12:25","modified_gmt":"2025-02-23T19:12:25","slug":"vandaki-camilerin-temizligi-yapiliyor","status":"publish","type":"post","link":"https:\/\/vangoluhaber.com\/index.php\/2025\/02\/23\/vandaki-camilerin-temizligi-yapiliyor\/","title":{"rendered":"Van\u2019daki camilerin temizli\u011fi yap\u0131l\u0131yor"},"content":{"rendered":"<p class=\"lead text-lg-start text-dark my-2 description\">Van B\u00fcy\u00fck\u015fehir Belediyesi, ramazan ay\u0131 \u00f6ncesi kent merkezindeki camilerin temizli\u011fi i\u00e7in \u00e7al\u0131\u015fma ba\u015flatt\u0131.<\/p>\n<p>Kentteki camilerin\u00a0 temizli\u011fini tekrardan \u00fcstlenen B\u00fcy\u00fck\u015fehir Belediyesi, yapt\u0131\u011f\u0131 bu \u00e7al\u0131\u015fmayla camii cemaatlerinin temiz ve ferah\u00a0 bir ortamda ibadetlerini yapmas\u0131n\u0131 sa\u011flayacak.<\/p>\n<p>Bu kapsamda Sa\u011fl\u0131k \u0130\u015fleri Daire Ba\u015fkanl\u0131\u011f\u0131 taraf\u0131ndan olu\u015fturulan ekipler, ramazan ay\u0131n\u0131n yakla\u015fmas\u0131yla camilerin maneviyatine yak\u0131\u015f\u0131r bir \u015fekilde kapsaml\u0131 temizlik start\u0131 verildi.<\/p>\n<p>\u0130lk etapta cemaati fazla olan Yukar\u0131 ve A\u015fa\u011f\u0131 Nor\u015fin camii ve Boyalar Camii\u2019nde kapsaml\u0131 bir temizlik ve dezenfektan \u00e7al\u0131\u015fmas\u0131 yapan ekipler, camilerin her taraf\u0131n\u0131 detayl\u0131 bir \u015fekilde elden ge\u00e7irdi.<\/p>\n<div id=\"ad_121\" data-pagespeed=\"true\" data-advert=\"temedya\" data-channel=\"121\"><\/div>\n<p>Ramazan ay\u0131na say\u0131l\u0131 g\u00fcnlerin kalmas\u0131yla \u00e7al\u0131\u015fmalara h\u0131z verilece\u011fini belirten ekipler,\u00a0 kent merkezindeki\u00a0 b\u00fct\u00fcn camilerde belli periyotlar \u015feklinde temizlik \u00e7al\u0131\u015fmas\u0131 yap\u0131lacak.<\/p>\n","protected":false},"excerpt":{"rendered":"<p>Van B\u00fcy\u00fck\u015fehir Belediyesi, ramazan ay\u0131 \u00f6ncesi kent merkezindeki camilerin temizli\u011fi i\u00e7in \u00e7al\u0131\u015fma ba\u015flatt\u0131. Kentteki camilerin\u00a0 temizli\u011fini tekrardan \u00fcstlenen B\u00fcy\u00fck\u015fehir Belediyesi, yapt\u0131\u011f\u0131 bu \u00e7al\u0131\u015fmayla camii cemaatlerinin temiz ve ferah\u00a0 bir ortamda ibadetlerini yapmas\u0131n\u0131 sa\u011flayacak. Bu kapsamda Sa\u011fl\u0131k \u0130\u015fleri Daire Ba\u015fkanl\u0131\u011f\u0131 taraf\u0131ndan olu\u015fturulan ekipler, ramazan ay\u0131n\u0131n yakla\u015fmas\u0131yla camilerin maneviyatine yak\u0131\u015f\u0131r bir \u015fekilde kapsaml\u0131 temizlik start\u0131 verildi. \u0130lk [&hellip;]<\/p>\n","protected":false},"author":1,"featured_media":594,"comment_status":"open","ping_status":"open","sticky":false,"template":"","format":"standard","meta":{"footnotes":""},"categories":[1,15,20,78,4,30],"tags":[151],"class_list":["post-593","post","type-post","status-publish","format-standard","has-post-thumbnail","hentry","category-genel","category-gundem","category-hayat","category-manset","category-van-haber","category-yasam","tag-vandaki-camilerin-temizligi-yapiliyor"],"_links":{"self":[{"href":"https:\/\/vangoluhaber.com\/index.php\/wp-json\/wp\/v2\/posts\/593","targetHints":{"allow":["GET"]}}],"collection":[{"href":"https:\/\/vangoluhaber.com\/index.php\/wp-json\/wp\/v2\/posts"}],"about":[{"href":"https:\/\/vangoluhaber.com\/index.php\/wp-json\/wp\/v2\/types\/post"}],"author":[{"embeddable":true,"href":"https:\/\/vangoluhaber.com\/index.php\/wp-json\/wp\/v2\/users\/1"}],"replies":[{"embeddable":true,"href":"https:\/\/vangoluhaber.com\/index.php\/wp-json\/wp\/v2\/comments?post=593"}],"version-history":[{"count":1,"href":"https:\/\/vangoluhaber.com\/index.php\/wp-json\/wp\/v2\/posts\/593\/revisions"}],"predecessor-version":[{"id":595,"href":"https:\/\/vangoluhaber.com\/index.php\/wp-json\/wp\/v2\/posts\/593\/revisions\/595"}],"wp:featuredmedia":[{"embeddable":true,"href":"https:\/\/vangoluhaber.com\/index.php\/wp-json\/wp\/v2\/media\/594"}],"wp:attachment":[{"href":"https:\/\/vangoluhaber.com\/index.php\/wp-json\/wp\/v2\/media?parent=593"}],"wp:term":[{"taxonomy":"category","embeddable":true,"href":"https:\/\/vangoluhaber.com\/index.php\/wp-json\/wp\/v2\/categories?post=593"},{"taxonomy":"post_tag","embeddable":true,"href":"https:\/\/vangoluhaber.com\/index.php\/wp-json\/wp\/v2\/tags?post=593"}],"curies":[{"name":"wp","href":"https:\/\/api.w.org\/{rel}","templated":true}]}}