{"id":653,"date":"2025-02-27T23:12:57","date_gmt":"2025-02-27T20:12:57","guid":{"rendered":"http:\/\/vangoluhaber.com\/?p=653"},"modified":"2025-02-27T23:12:57","modified_gmt":"2025-02-27T20:12:57","slug":"vanda-karla-mucadele-calismalari-suruyor","status":"publish","type":"post","link":"https:\/\/vangoluhaber.com\/index.php\/2025\/02\/27\/vanda-karla-mucadele-calismalari-suruyor\/","title":{"rendered":"Van\u2019da karla m\u00fccadele \u00e7al\u0131\u015fmalar\u0131 s\u00fcr\u00fcyor"},"content":{"rendered":"<p>Van\u2019da sabah saatlerinde aniden bast\u0131ran kar ya\u011f\u0131\u015f\u0131 b\u00fcy\u00fck\u015fehir belediyesi karla m\u00fccadele ekiplerini harekete ge\u00e7irdi. Kent merkezinde kar k\u00fcreme ve tuzlama \u00e7al\u0131\u015fmas\u0131 y\u00fcr\u00fcten ekipler, k\u0131rsalda ise kapal\u0131 mahalle ve mezra yollar\u0131n\u0131 a\u00e7mak i\u00e7in \u00e7al\u0131\u015fmalar\u0131n\u0131 aral\u0131ks\u0131z s\u00fcrd\u00fcr\u00fcyor.<\/p>\n<p>&nbsp;<\/p>\n<p>Kent merkezindeki 25 ana arter ba\u015fta olmak \u00fczere bir\u00e7ok noktada k\u00fcreme ve tuzlama \u00e7al\u0131\u015fmas\u0131 yapan Van B\u00fcy\u00fck\u015fehir Belediyesi karla m\u00fccadele ekipleri, kar ya\u011f\u0131\u015f\u0131n\u0131n durmas\u0131 ile birlikte kald\u0131r\u0131m, yaya yolu ve ref\u00fcjlerde \u00e7al\u0131\u015fma ba\u015flatt\u0131. Vatanda\u015flar\u0131n herhangi bir olumsuzluk ya\u015fanmamas\u0131 ad\u0131na yo\u011fun \u00e7aba sarf eden ekipler, k\u0131rsalda ise ula\u015f\u0131ma kapanan 52 mahalle ve 33 mezra olmak \u00fczere 85 yerle\u015fim yeri yolunun yeniden ula\u015f\u0131ma a\u00e7\u0131lmas\u0131 i\u00e7in yo\u011fun \u00e7aba sarf ediyor.<\/p>\n","protected":false},"excerpt":{"rendered":"<p>Van\u2019da sabah saatlerinde aniden bast\u0131ran kar ya\u011f\u0131\u015f\u0131 b\u00fcy\u00fck\u015fehir belediyesi karla m\u00fccadele ekiplerini harekete ge\u00e7irdi. Kent merkezinde kar k\u00fcreme ve tuzlama \u00e7al\u0131\u015fmas\u0131 y\u00fcr\u00fcten ekipler, k\u0131rsalda ise kapal\u0131 mahalle ve mezra yollar\u0131n\u0131 a\u00e7mak i\u00e7in \u00e7al\u0131\u015fmalar\u0131n\u0131 aral\u0131ks\u0131z s\u00fcrd\u00fcr\u00fcyor. &nbsp; Kent merkezindeki 25 ana arter ba\u015fta olmak \u00fczere bir\u00e7ok noktada k\u00fcreme ve tuzlama \u00e7al\u0131\u015fmas\u0131 yapan Van B\u00fcy\u00fck\u015fehir Belediyesi karla [&hellip;]<\/p>\n","protected":false},"author":1,"featured_media":654,"comment_status":"open","ping_status":"open","sticky":false,"template":"","format":"standard","meta":{"footnotes":""},"categories":[1,15,20,78,4,30],"tags":[162],"class_list":["post-653","post","type-post","status-publish","format-standard","has-post-thumbnail","hentry","category-genel","category-gundem","category-hayat","category-manset","category-van-haber","category-yasam","tag-vanda-karla-mucadele-calismalari-suruyor"],"_links":{"self":[{"href":"https:\/\/vangoluhaber.com\/index.php\/wp-json\/wp\/v2\/posts\/653","targetHints":{"allow":["GET"]}}],"collection":[{"href":"https:\/\/vangoluhaber.com\/index.php\/wp-json\/wp\/v2\/posts"}],"about":[{"href":"https:\/\/vangoluhaber.com\/index.php\/wp-json\/wp\/v2\/types\/post"}],"author":[{"embeddable":true,"href":"https:\/\/vangoluhaber.com\/index.php\/wp-json\/wp\/v2\/users\/1"}],"replies":[{"embeddable":true,"href":"https:\/\/vangoluhaber.com\/index.php\/wp-json\/wp\/v2\/comments?post=653"}],"version-history":[{"count":1,"href":"https:\/\/vangoluhaber.com\/index.php\/wp-json\/wp\/v2\/posts\/653\/revisions"}],"predecessor-version":[{"id":655,"href":"https:\/\/vangoluhaber.com\/index.php\/wp-json\/wp\/v2\/posts\/653\/revisions\/655"}],"wp:featuredmedia":[{"embeddable":true,"href":"https:\/\/vangoluhaber.com\/index.php\/wp-json\/wp\/v2\/media\/654"}],"wp:attachment":[{"href":"https:\/\/vangoluhaber.com\/index.php\/wp-json\/wp\/v2\/media?parent=653"}],"wp:term":[{"taxonomy":"category","embeddable":true,"href":"https:\/\/vangoluhaber.com\/index.php\/wp-json\/wp\/v2\/categories?post=653"},{"taxonomy":"post_tag","embeddable":true,"href":"https:\/\/vangoluhaber.com\/index.php\/wp-json\/wp\/v2\/tags?post=653"}],"curies":[{"name":"wp","href":"https:\/\/api.w.org\/{rel}","templated":true}]}}