{"id":762,"date":"2025-03-24T21:59:15","date_gmt":"2025-03-24T18:59:15","guid":{"rendered":"http:\/\/vangoluhaber.com\/?p=762"},"modified":"2025-03-24T21:59:15","modified_gmt":"2025-03-24T18:59:15","slug":"van-masterler-iftarda-bulustu","status":"publish","type":"post","link":"https:\/\/vangoluhaber.com\/index.php\/2025\/03\/24\/van-masterler-iftarda-bulustu\/","title":{"rendered":"Van Masterler iftarda bulu\u015ftu"},"content":{"rendered":"<p>Van futboluna y\u00f6n veren, Van futbolunda yer edinmi\u015f Van Masterler, geleneksel hale getirdikleri iftar yeme\u011finde bir araya geldi.<\/p>\n<p>&nbsp;<\/p>\n<p>Elite World Van Otel\u2019in ev sahipli\u011finde d\u00fczenlenen iftar yeme\u011finde bir araya gelen Van Masterler, kentin sporuna dair fikir al\u0131\u015fveri\u015finde bulundular. 15-19 May\u0131s tarihlerinde Antalya\u2019da ger\u00e7ekle\u015fecek olan Uluslararas\u0131 T\u00fcrkiye Masterler \u015eampiyonas\u0131 futbol turnuvas\u0131n\u0131n bir de\u011ferlendirilmesi yap\u0131ld\u0131\u011f\u0131 gecede konu\u015fan Van Masterler Derne\u011fi Kurucu Ba\u015fkan\u0131 ve ayn\u0131 zamanda Vanspor\u2019un efsane kaptanlar\u0131ndan Zeki Y\u0131lmaz, Van\u2019\u0131n en de\u011ferli futbol insanlar\u0131n\u0131n bir araya geldi\u011fi bir dernek olduklar\u0131n\u0131 belirterek, &#8220;2014 y\u0131l\u0131nda kurdu\u011fumuz derne\u011fimiz, \u00e7ok g\u00fczel bir \u015fekilde yoluna devam ediyor. Her ge\u00e7en y\u0131l aram\u0131za yeni arkada\u015flar\u0131m\u0131z kat\u0131l\u0131yor. Biz g\u00fc\u00e7l\u00fc bir aileyiz. Bug\u00fcn bunu bir kez daha g\u00f6rd\u00fck. Her zaman deste\u011fini yan\u0131m\u0131zda g\u00f6rd\u00fc\u011f\u00fcm\u00fcz Elite World Otel Genel M\u00fcd\u00fcr\u00fc ve ayr\u0131ca dernek \u00fcyemiz Oktay Aksoy\u2019un ev sahipli\u011finde bug\u00fcn m\u00fcbarek bir gecede yine bir araday\u0131z. Ramazan ay\u0131n\u0131n manevi havas\u0131nda hep birlikte iftar yapman\u0131n sevincini ya\u015f\u0131yoruz. Her y\u0131l oldu\u011fu gibi bu y\u0131lda bizleri misafir eden Oktay Aksoy\u2019a ve otel \u00e7al\u0131\u015fanlar\u0131na \u00e7ok te\u015fekk\u00fcr ediyorum&#8221; dedi.<\/p>\n<p>&nbsp;<\/p>\n<p>Her y\u0131l geleneksel olarak Antalya\u2019da uluslararas\u0131 futbol turnuvas\u0131n\u0131n bu y\u0131lda ger\u00e7ekle\u015ftirilece\u011fini belirten ba\u015fkan Y\u0131lmaz, turnuvada Van\u2019\u0131 en iyi \u015fekilde temsil edeceklerini s\u00f6yledi.<\/p>\n<p>&nbsp;<\/p>\n<p>Elite World Otel Genel M\u00fcd\u00fcr\u00fc Oktay Aksoy ise yapt\u0131\u011f\u0131 konu\u015fmas\u0131nda Van Masterler Derne\u011fi \u00fcyesi olmaktan b\u00fcy\u00fck mutluluk duydu\u011funu ifade ederek, otel olarak her zaman Van Masterlerin yan\u0131nda olacaklar\u0131n\u0131 s\u00f6yledi.<\/p>\n<p>&nbsp;<\/p>\n<p>Van Masterler Derne\u011fi \u00fcyesi Fahri Ba\u015ft\u00fcrk\u2019de Van Masterler\u2019in, Van\u2019\u0131n futboluna uzun y\u0131llar hizmet veren efsane isimlerden olu\u015ftu\u011funu belirterek, birlik ve beraberlik ad\u0131na g\u00fczel organizaszyonlara imza atacaklar\u0131n\u0131 s\u00f6yledi.<\/p>\n","protected":false},"excerpt":{"rendered":"<p>Van futboluna y\u00f6n veren, Van futbolunda yer edinmi\u015f Van Masterler, geleneksel hale getirdikleri iftar yeme\u011finde bir araya geldi. &nbsp; Elite World Van Otel\u2019in ev sahipli\u011finde d\u00fczenlenen iftar yeme\u011finde bir araya gelen Van Masterler, kentin sporuna dair fikir al\u0131\u015fveri\u015finde bulundular. 15-19 May\u0131s tarihlerinde Antalya\u2019da ger\u00e7ekle\u015fecek olan Uluslararas\u0131 T\u00fcrkiye Masterler \u015eampiyonas\u0131 futbol turnuvas\u0131n\u0131n bir de\u011ferlendirilmesi yap\u0131ld\u0131\u011f\u0131 gecede [&hellip;]<\/p>\n","protected":false},"author":1,"featured_media":763,"comment_status":"open","ping_status":"open","sticky":false,"template":"","format":"standard","meta":{"footnotes":""},"categories":[1,15,20,78,4,30],"tags":[186],"class_list":["post-762","post","type-post","status-publish","format-standard","has-post-thumbnail","hentry","category-genel","category-gundem","category-hayat","category-manset","category-van-haber","category-yasam","tag-van-masterler-iftarda-bulustu"],"_links":{"self":[{"href":"https:\/\/vangoluhaber.com\/index.php\/wp-json\/wp\/v2\/posts\/762","targetHints":{"allow":["GET"]}}],"collection":[{"href":"https:\/\/vangoluhaber.com\/index.php\/wp-json\/wp\/v2\/posts"}],"about":[{"href":"https:\/\/vangoluhaber.com\/index.php\/wp-json\/wp\/v2\/types\/post"}],"author":[{"embeddable":true,"href":"https:\/\/vangoluhaber.com\/index.php\/wp-json\/wp\/v2\/users\/1"}],"replies":[{"embeddable":true,"href":"https:\/\/vangoluhaber.com\/index.php\/wp-json\/wp\/v2\/comments?post=762"}],"version-history":[{"count":1,"href":"https:\/\/vangoluhaber.com\/index.php\/wp-json\/wp\/v2\/posts\/762\/revisions"}],"predecessor-version":[{"id":764,"href":"https:\/\/vangoluhaber.com\/index.php\/wp-json\/wp\/v2\/posts\/762\/revisions\/764"}],"wp:featuredmedia":[{"embeddable":true,"href":"https:\/\/vangoluhaber.com\/index.php\/wp-json\/wp\/v2\/media\/763"}],"wp:attachment":[{"href":"https:\/\/vangoluhaber.com\/index.php\/wp-json\/wp\/v2\/media?parent=762"}],"wp:term":[{"taxonomy":"category","embeddable":true,"href":"https:\/\/vangoluhaber.com\/index.php\/wp-json\/wp\/v2\/categories?post=762"},{"taxonomy":"post_tag","embeddable":true,"href":"https:\/\/vangoluhaber.com\/index.php\/wp-json\/wp\/v2\/tags?post=762"}],"curies":[{"name":"wp","href":"https:\/\/api.w.org\/{rel}","templated":true}]}}