{"id":788,"date":"2025-03-26T22:46:12","date_gmt":"2025-03-26T19:46:12","guid":{"rendered":"http:\/\/vangoluhaber.com\/?p=788"},"modified":"2025-03-26T22:46:12","modified_gmt":"2025-03-26T19:46:12","slug":"vaskiden-yeni-su-tahsilat-veznesi","status":"publish","type":"post","link":"https:\/\/vangoluhaber.com\/index.php\/2025\/03\/26\/vaskiden-yeni-su-tahsilat-veznesi\/","title":{"rendered":"VASK\u0130\u2019den yeni su tahsilat veznesi"},"content":{"rendered":"<p>Van Su ve Kanalizasyon \u0130daresi (VASK\u0130) Genel M\u00fcd\u00fcrl\u00fc\u011f\u00fc, i\u00e7me suyu abonelerinin su borcu tahsilatlar\u0131n\u0131 daha rahat yapabilmeleri i\u00e7in \u00e7ar\u015f\u0131 merkezinde de yeni bir vezne a\u00e7t\u0131.<\/p>\n<p>&nbsp;<\/p>\n<p>Vatanda\u015flara y\u00f6nelik hizmet \u00e7al\u0131\u015fmalar\u0131n\u0131 s\u00fcrd\u00fcren Van Su ve Kanalizasyon \u0130daresi (VASK\u0130) Genel M\u00fcd\u00fcrl\u00fc\u011f\u00fc, \u0130pekyolu il\u00e7esinde su tahsilat veznesi kurdu. \u015eerefiye Mahallesi Mare\u015fal Fevzi \u00c7akmak Caddesi K\u00fclt\u00fcr Sokak K\u0131z\u0131lay Kan Merkezi biti\u015fi\u011finde kurulan su tahsilat veznesi, hafta i\u00e7i 08.00-12.00 ile 13.00-16.00 saatleri aras\u0131nda hizmet verecek.<\/p>\n","protected":false},"excerpt":{"rendered":"<p>Van Su ve Kanalizasyon \u0130daresi (VASK\u0130) Genel M\u00fcd\u00fcrl\u00fc\u011f\u00fc, i\u00e7me suyu abonelerinin su borcu tahsilatlar\u0131n\u0131 daha rahat yapabilmeleri i\u00e7in \u00e7ar\u015f\u0131 merkezinde de yeni bir vezne a\u00e7t\u0131. &nbsp; Vatanda\u015flara y\u00f6nelik hizmet \u00e7al\u0131\u015fmalar\u0131n\u0131 s\u00fcrd\u00fcren Van Su ve Kanalizasyon \u0130daresi (VASK\u0130) Genel M\u00fcd\u00fcrl\u00fc\u011f\u00fc, \u0130pekyolu il\u00e7esinde su tahsilat veznesi kurdu. \u015eerefiye Mahallesi Mare\u015fal Fevzi \u00c7akmak Caddesi K\u00fclt\u00fcr Sokak K\u0131z\u0131lay Kan [&hellip;]<\/p>\n","protected":false},"author":1,"featured_media":789,"comment_status":"open","ping_status":"open","sticky":false,"template":"","format":"standard","meta":{"footnotes":""},"categories":[1,15,78,4,30],"tags":[191],"class_list":["post-788","post","type-post","status-publish","format-standard","has-post-thumbnail","hentry","category-genel","category-gundem","category-manset","category-van-haber","category-yasam","tag-vaskiden-yeni-su-tahsilat-veznesi"],"_links":{"self":[{"href":"https:\/\/vangoluhaber.com\/index.php\/wp-json\/wp\/v2\/posts\/788","targetHints":{"allow":["GET"]}}],"collection":[{"href":"https:\/\/vangoluhaber.com\/index.php\/wp-json\/wp\/v2\/posts"}],"about":[{"href":"https:\/\/vangoluhaber.com\/index.php\/wp-json\/wp\/v2\/types\/post"}],"author":[{"embeddable":true,"href":"https:\/\/vangoluhaber.com\/index.php\/wp-json\/wp\/v2\/users\/1"}],"replies":[{"embeddable":true,"href":"https:\/\/vangoluhaber.com\/index.php\/wp-json\/wp\/v2\/comments?post=788"}],"version-history":[{"count":1,"href":"https:\/\/vangoluhaber.com\/index.php\/wp-json\/wp\/v2\/posts\/788\/revisions"}],"predecessor-version":[{"id":790,"href":"https:\/\/vangoluhaber.com\/index.php\/wp-json\/wp\/v2\/posts\/788\/revisions\/790"}],"wp:featuredmedia":[{"embeddable":true,"href":"https:\/\/vangoluhaber.com\/index.php\/wp-json\/wp\/v2\/media\/789"}],"wp:attachment":[{"href":"https:\/\/vangoluhaber.com\/index.php\/wp-json\/wp\/v2\/media?parent=788"}],"wp:term":[{"taxonomy":"category","embeddable":true,"href":"https:\/\/vangoluhaber.com\/index.php\/wp-json\/wp\/v2\/categories?post=788"},{"taxonomy":"post_tag","embeddable":true,"href":"https:\/\/vangoluhaber.com\/index.php\/wp-json\/wp\/v2\/tags?post=788"}],"curies":[{"name":"wp","href":"https:\/\/api.w.org\/{rel}","templated":true}]}}