{"id":817,"date":"2025-05-26T22:40:07","date_gmt":"2025-05-26T19:40:07","guid":{"rendered":"http:\/\/vangoluhaber.com\/?p=817"},"modified":"2025-05-26T22:40:07","modified_gmt":"2025-05-26T19:40:07","slug":"turksat-7a-icin-start-verildi","status":"publish","type":"post","link":"https:\/\/vangoluhaber.com\/index.php\/2025\/05\/26\/turksat-7a-icin-start-verildi\/","title":{"rendered":"T\u00dcRKSAT 7A \u0130\u00c7\u0130N START VER\u0130LD\u0130"},"content":{"rendered":"<p style=\"font-weight: 400;\"><strong>Ula\u015ft\u0131rma ve Altyap\u0131 Bakan\u0131 Abdulkadir Uralo\u011flu, T\u00fcrksat 7A\u2019n\u0131n \u00fcretimine y\u00f6nelik haz\u0131rl\u0131klar\u0131n tamamland\u0131\u011f\u0131n\u0131 bildirdi. Bakan Uralo\u011flu, \u201c\u0130lk hedefimiz T\u00fcrksat 7A\u2019n\u0131n T\u00fcrksat 6A\u2019dan \u00e7ok daha geli\u015fmi\u015f kabiliyetlere sahip olmas\u0131. T\u00fcrksat 7A\u2019n\u0131n \u00fcretimine y\u00f6nelik haz\u0131rl\u0131klar tamamland\u0131.\u201d dedi.<\/strong><\/p>\n<p style=\"font-weight: 400;\">\n<p style=\"font-weight: 400;\">Ula\u015ft\u0131rma ve Altyap\u0131 Bakan\u0131 Abdulkadir Uralo\u011flu, T\u00fcrkiye\u2019nin ilk yerli ve milli haberle\u015fme uydusu T\u00fcrksat 6A\u2019n\u0131n devreye girmesiyle birlikte stratejik bir e\u015fi\u011fin a\u015f\u0131ld\u0131\u011f\u0131n\u0131 vurgulad\u0131. Uralo\u011flu, T\u00fcrkiye\u2019nin kendi haberle\u015fme uydusunu \u00fcretebilen d\u00fcnyadaki say\u0131l\u0131 \u00fclkeler aras\u0131nda yer ald\u0131\u011f\u0131na dikkati \u00e7ekti.<\/p>\n<p style=\"font-weight: 400;\">\n<p style=\"font-weight: 400;\"><strong>\u201cT\u00fcrksat 6A ile Uzayda Yeni D\u00f6nem Ba\u015flatt\u0131k, \u015eimdi S\u0131rada T\u00fcrksat 7A Var\u201d<\/strong><\/p>\n<p style=\"font-weight: 400;\">\n<p style=\"font-weight: 400;\">T\u00fcrksat 6A ile elde edilen m\u00fchendislik birikimi, teknolojik altyap\u0131 ve yeti\u015fmi\u015f insan kayna\u011f\u0131n\u0131n T\u00fcrkiye\u2019yi yeni hedeflere ta\u015f\u0131yaca\u011f\u0131n\u0131 belirten Uralo\u011flu, \u201cT\u00fcrksat 6A ile uzayda yeni d\u00f6nem ba\u015flatt\u0131k, \u015fimdi s\u0131rada T\u00fcrksat 7A var. \u0130lk olarak hedefimiz T\u00fcrksat 7A\u2019n\u0131n T\u00fcrksat 6A\u2019dan \u00e7ok daha geli\u015fmi\u015f kabiliyetlere sahip olmas\u0131. Uzayda s\u00f6z sahibi olma iddiam\u0131z\u0131 yeni projelerimizle peki\u015ftiriyoruz.\u201d ifadelerini kulland\u0131.<\/p>\n<p style=\"font-weight: 400;\">\n<p style=\"font-weight: 400;\"><strong>7A\u2019n\u0131n \u00dcretim S\u00fcrecinde \u0130lk Haz\u0131rl\u0131klar Ba\u015flad\u0131<\/strong><\/p>\n<p style=\"font-weight: 400;\">\n<p style=\"font-weight: 400;\">T\u00fcrksat 7A\u2019n\u0131n \u00fcretim s\u00fcrecine y\u00f6nelik ilk haz\u0131rl\u0131klar\u0131n T\u00fcrksat A\u015e taraf\u0131ndan ba\u015flat\u0131ld\u0131\u011f\u0131n\u0131 aktaran Uralo\u011flu, \u201c\u00c7ok daha geli\u015fmi\u015f kabiliyetlere sahip bir haberle\u015fme uydumuzu daha uzaya g\u00f6ndermeyi hedefliyoruz. \u015eu an itibar\u0131yla T\u00fcrksat 7A\u2019n\u0131n \u00fcretimine ve yap\u0131m\u0131na y\u00f6nelik ihale haz\u0131rl\u0131klar\u0131 tamamlanm\u0131\u015f durumda. Bu s\u00fcre\u00e7te \u00f6ncelikli amac\u0131m\u0131z, T\u00fcrk firmalar\u0131n\u0131n g\u00fc\u00e7l\u00fc bir i\u015f birli\u011fi olu\u015fturmas\u0131 ve daha b\u00fcy\u00fck bir sinerji ile hareket etmesi. Bu projede yer alacak firmalar\u0131m\u0131z, d\u00fcnyan\u0131n \u00f6nde gelen uydu ve uzay \u015firketleriyle do\u011frudan rekabet edecek\u201d dedi.<\/p>\n<p style=\"font-weight: 400;\">\n<p style=\"font-weight: 400;\">Uralo\u011flu ayr\u0131ca T\u00fcrksat 7A\u2019n\u0131n yaln\u0131zca teknik anlamda de\u011fil, ayn\u0131 zamanda milli teknoloji ekosisteminin geli\u015fimi a\u00e7\u0131s\u0131ndan da kritik bir rol \u00fcstlenece\u011fini vurgulad\u0131.<\/p>\n<p style=\"font-weight: 400;\">\n<p style=\"font-weight: 400;\"><strong>Yerli Sanayi Katk\u0131s\u0131n\u0131n En \u00dcst D\u00fczeyde Tutulmas\u0131 Ama\u00e7lan\u0131yor<\/strong><\/p>\n<p style=\"font-weight: 400;\">\n<p style=\"font-weight: 400;\">T\u00fcrksat 7A projesinde yerli sanayi katk\u0131s\u0131n\u0131n en \u00fcst d\u00fczeyde tutulmas\u0131n\u0131n ama\u00e7land\u0131\u011f\u0131n\u0131 ifade eden Bakan Uralo\u011flu, \u201cBu proje, sadece bir uydu \u00e7al\u0131\u015fmas\u0131 de\u011fil, T\u00fcrkiye\u2019nin teknolojik kapasitesini art\u0131racak, yeni bir sinerji olu\u015fturacak ve daha ileri m\u00fchendislik \u00e7\u00f6z\u00fcmlerine kap\u0131 aralayacak.\u201d diye konu\u015ftu.<\/p>\n<p style=\"font-weight: 400;\">\n<p style=\"font-weight: 400;\">Uralo\u011flu, T\u00fcrkiye\u2019nin uzayda g\u00fc\u00e7l\u00fc bir akt\u00f6r haline gelmesi i\u00e7in sadece uydu projelerine de\u011fil, b\u00fct\u00fcnsel bir vizyona ihtiya\u00e7 oldu\u011funu vurgulayarak \u201cBug\u00fcn geldi\u011fimiz noktada kamu, \u00f6zel sekt\u00f6r ve \u00fcniversitelerimiz b\u00fcy\u00fck bir uyum ve motivasyonla \u00e7al\u0131\u015f\u0131yor. T\u00fcrkiye, uydu ve uzay teknolojilerinde daha ileriye gitmeye kararl\u0131.\u201d dedi.<\/p>\n<p style=\"font-weight: 400;\">\n<p style=\"font-weight: 400;\"><strong>\u201cT\u00fcrkiye\u2019nin D\u00fcnyaya Uzanan Dijital Eli Olacak\u201d<\/strong><\/p>\n<p style=\"font-weight: 400;\">\n<p style=\"font-weight: 400;\">Bakan Uralo\u011flu, T\u00fcrksat\u2019\u0131n h\u00e2lihaz\u0131rda 31, 42 ve 50 derece do\u011fu y\u00f6r\u00fcngelerinde 3 ayr\u0131 y\u00f6r\u00fcnge hakk\u0131na sahip oldu\u011funu hat\u0131rlatarak, T\u00fcrksat 7A\u2019n\u0131n devreye girmesiyle birlikte bu y\u00f6r\u00fcngelerdeki g\u00fcc\u00fcn\u00fcn de artaca\u011f\u0131n\u0131 vurgulad\u0131. T\u00fcrksat 7A\u2019n\u0131n hizmete al\u0131nmas\u0131yla birlikte, uydular\u0131n d\u00fcnya n\u00fcfusunun \u00e7ok b\u00fcy\u00fck bir k\u0131sm\u0131na do\u011frudan eri\u015fim imk\u00e2n\u0131 sa\u011flayaca\u011f\u0131n\u0131 kaydeden Uralo\u011flu, s\u00f6zlerine \u015fu \u015fekilde devam etti:<\/p>\n<p style=\"font-weight: 400;\">\n<p style=\"font-weight: 400;\">\u201cBu da sadece teknik bir ba\u015far\u0131 de\u011fil; ileti\u015fimden savunmaya, ekonomiden diplomasiye kadar geni\u015f bir yelpazede T\u00fcrkiye\u2019nin etki alan\u0131n\u0131 art\u0131ran stratejik bir kazan\u0131m\u0131 olacak. Kapsama alan\u0131n\u0131n geni\u015flemesiyle birlikte \u00fclkemizin hem ticari uydu hizmetlerinden elde etti\u011fi gelir potansiyeli artacak hem de daha geni\u015f bir co\u011frafyada dijital altyap\u0131 sa\u011flay\u0131c\u0131s\u0131 olarak tercih edilir bir \u00fclke haline gelece\u011fiz. T\u00fcrksat 7A, yaln\u0131zca uzaya g\u00f6nderilecek bir uydu de\u011fil; ayn\u0131 zamanda T\u00fcrkiye\u2019nin d\u00fcnyaya uzanan dijital eli olacak.\u201d<\/p>\n","protected":false},"excerpt":{"rendered":"<p>Ula\u015ft\u0131rma ve Altyap\u0131 Bakan\u0131 Abdulkadir Uralo\u011flu, T\u00fcrksat 7A\u2019n\u0131n \u00fcretimine y\u00f6nelik haz\u0131rl\u0131klar\u0131n tamamland\u0131\u011f\u0131n\u0131 bildirdi. Bakan Uralo\u011flu, \u201c\u0130lk hedefimiz T\u00fcrksat 7A\u2019n\u0131n T\u00fcrksat 6A\u2019dan \u00e7ok daha geli\u015fmi\u015f kabiliyetlere sahip olmas\u0131. T\u00fcrksat 7A\u2019n\u0131n \u00fcretimine y\u00f6nelik haz\u0131rl\u0131klar tamamland\u0131.\u201d dedi. Ula\u015ft\u0131rma ve Altyap\u0131 Bakan\u0131 Abdulkadir Uralo\u011flu, T\u00fcrkiye\u2019nin ilk yerli ve milli haberle\u015fme uydusu T\u00fcrksat 6A\u2019n\u0131n devreye girmesiyle birlikte stratejik bir e\u015fi\u011fin [&hellip;]<\/p>\n","protected":false},"author":1,"featured_media":818,"comment_status":"open","ping_status":"open","sticky":false,"template":"","format":"standard","meta":{"footnotes":""},"categories":[1,15,20,78,30],"tags":[196],"class_list":["post-817","post","type-post","status-publish","format-standard","has-post-thumbnail","hentry","category-genel","category-gundem","category-hayat","category-manset","category-yasam","tag-turksat-7a-icin-start-verildi"],"_links":{"self":[{"href":"https:\/\/vangoluhaber.com\/index.php\/wp-json\/wp\/v2\/posts\/817","targetHints":{"allow":["GET"]}}],"collection":[{"href":"https:\/\/vangoluhaber.com\/index.php\/wp-json\/wp\/v2\/posts"}],"about":[{"href":"https:\/\/vangoluhaber.com\/index.php\/wp-json\/wp\/v2\/types\/post"}],"author":[{"embeddable":true,"href":"https:\/\/vangoluhaber.com\/index.php\/wp-json\/wp\/v2\/users\/1"}],"replies":[{"embeddable":true,"href":"https:\/\/vangoluhaber.com\/index.php\/wp-json\/wp\/v2\/comments?post=817"}],"version-history":[{"count":1,"href":"https:\/\/vangoluhaber.com\/index.php\/wp-json\/wp\/v2\/posts\/817\/revisions"}],"predecessor-version":[{"id":819,"href":"https:\/\/vangoluhaber.com\/index.php\/wp-json\/wp\/v2\/posts\/817\/revisions\/819"}],"wp:featuredmedia":[{"embeddable":true,"href":"https:\/\/vangoluhaber.com\/index.php\/wp-json\/wp\/v2\/media\/818"}],"wp:attachment":[{"href":"https:\/\/vangoluhaber.com\/index.php\/wp-json\/wp\/v2\/media?parent=817"}],"wp:term":[{"taxonomy":"category","embeddable":true,"href":"https:\/\/vangoluhaber.com\/index.php\/wp-json\/wp\/v2\/categories?post=817"},{"taxonomy":"post_tag","embeddable":true,"href":"https:\/\/vangoluhaber.com\/index.php\/wp-json\/wp\/v2\/tags?post=817"}],"curies":[{"name":"wp","href":"https:\/\/api.w.org\/{rel}","templated":true}]}}