{"id":843,"date":"2025-05-26T23:04:59","date_gmt":"2025-05-26T20:04:59","guid":{"rendered":"http:\/\/vangoluhaber.com\/?p=843"},"modified":"2025-05-26T23:04:59","modified_gmt":"2025-05-26T20:04:59","slug":"bakan-uraloglu-teknoloji-devleriyle-bir-araya-geldi","status":"publish","type":"post","link":"https:\/\/vangoluhaber.com\/index.php\/2025\/05\/26\/bakan-uraloglu-teknoloji-devleriyle-bir-araya-geldi\/","title":{"rendered":"BAKAN URALO\u011eLU, TEKNOLOJ\u0130 DEVLER\u0130YLE B\u0130R ARAYA GELD\u0130"},"content":{"rendered":"<p style=\"font-weight: 400;\"><strong>Ula\u015ft\u0131rma ve Altyap\u0131 Bakan\u0131 Abdulkadir Uralo\u011flu, \u00c7in\u2019de Huawei ve ZTE y\u00f6neticileriyle bir araya geldi. G\u00f6r\u00fc\u015fmelerde dijital altyap\u0131, teknoloji ve 5G konular\u0131nda i\u015f birli\u011fi potansiyeli de\u011ferlendirildi. Bakan Uralo\u011flu, \u201cT\u00fcrkiye\u2019yi ileri teknolojinin \u00fcretildi\u011fi ve ihra\u00e7 edildi\u011fi bir merkez olarak konumland\u0131rmak i\u00e7in \u00e7al\u0131\u015fmalar\u0131m\u0131za devam ediyoruz\u201d dedi.<\/strong><\/p>\n<p style=\"font-weight: 400;\">\n<p style=\"font-weight: 400;\">Ula\u015ft\u0131rma ve Altyap\u0131 Bakan\u0131 Abdulkadir Uralo\u011flu, \u00c7in temaslar\u0131 kapsam\u0131nda Huawei ve ZTE y\u00f6neticileriyle bir araya geldi. G\u00f6r\u00fc\u015fmelerde T\u00fcrkiye\u2019nin 5G yol haritas\u0131, dijital altyap\u0131 \u00e7al\u0131\u015fmalar\u0131, ak\u0131ll\u0131 ula\u015f\u0131m sistemleri ve yerli \u00fcretim stratejileri \u00fczerine kapsaml\u0131 de\u011ferlendirmeler yap\u0131ld\u0131. Bakan Uralo\u011flu, \u201cHem Huawei hem ZTE ile dijital altyap\u0131, teknoloji ve 5G konular\u0131nda i\u015f birli\u011fi potansiyelimizi de\u011ferlendirdik.\u201d ifadelerini kulland\u0131.<\/p>\n<p style=\"font-weight: 400;\">\n<p style=\"font-weight: 400;\"><strong>Huawei ile Ak\u0131ll\u0131 Ula\u015f\u0131m ve Otonom S\u00fcr\u00fc\u015f G\u00f6r\u00fc\u015f\u00fcld\u00fc<\/strong><\/p>\n<p style=\"font-weight: 400;\">\n<p style=\"font-weight: 400;\">Bakan Uralo\u011flu, Huawei Ba\u015fkan Yard\u0131mc\u0131s\u0131 Bill Tang, T\u00fcrkiye Genel M\u00fcd\u00fcr\u00fc Kaya Shi ve beraberindeki heyet ile ger\u00e7ekle\u015ftirdi\u011fi g\u00f6r\u00fc\u015fmede, 5G teknolojileri ile ak\u0131ll\u0131 ula\u015f\u0131m sistemlerinin entegrasyonunu ele ald\u0131. Ziyaret kapsam\u0131nda yapay zek\u00e2 destekli otonom s\u00fcr\u00fc\u015f teknolojilerini inceleyen, Bakan Uralo\u011flu \u201c5G&#8217;yi devreye ald\u0131\u011f\u0131m\u0131zda ba\u015fta otonom s\u00fcr\u00fc\u015f olmak \u00fczere ileri teknolojilerin g\u00fcnl\u00fck ya\u015fam\u0131m\u0131za entegrasyonunu h\u0131zland\u0131raca\u011f\u0131z.\u201d a\u00e7\u0131klamas\u0131nda bulundu.<\/p>\n<p style=\"font-weight: 400;\">\n<p style=\"font-weight: 400;\"><strong>Yerli \u00dcretim ve 5G Vizyonu<\/strong><\/p>\n<p style=\"font-weight: 400;\">\n<p style=\"font-weight: 400;\">Bakan Uralo\u011flu, \u00c7in ziyareti kapsam\u0131nda ZTE yetkilileriyle de bir araya geldi. ZTE Y\u00f6netim Kurulu Ba\u015fkan\u0131 Fang Rong ile ger\u00e7ekle\u015ftirilen g\u00f6r\u00fc\u015fme kapsam\u0131nda T\u00fcrkiye\u2019nin 5G altyap\u0131 \u00e7al\u0131\u015fmalar\u0131, yerli \u00fcretim kapasitesinin geli\u015ftirilmesi ve teknoloji i\u015f birliklerinin art\u0131r\u0131lmas\u0131 konular\u0131 ele al\u0131nd\u0131. Uralo\u011flu, \u201cT\u00fcrkiye\u2019yi ileri teknolojinin \u00fcretildi\u011fi ve ihra\u00e7 edildi\u011fi bir merkez olarak konumland\u0131rmak i\u00e7in \u00e7al\u0131\u015fmalar\u0131m\u0131za devam ediyoruz.\u201d dedi.<\/p>\n","protected":false},"excerpt":{"rendered":"<p>Ula\u015ft\u0131rma ve Altyap\u0131 Bakan\u0131 Abdulkadir Uralo\u011flu, \u00c7in\u2019de Huawei ve ZTE y\u00f6neticileriyle bir araya geldi. G\u00f6r\u00fc\u015fmelerde dijital altyap\u0131, teknoloji ve 5G konular\u0131nda i\u015f birli\u011fi potansiyeli de\u011ferlendirildi. Bakan Uralo\u011flu, \u201cT\u00fcrkiye\u2019yi ileri teknolojinin \u00fcretildi\u011fi ve ihra\u00e7 edildi\u011fi bir merkez olarak konumland\u0131rmak i\u00e7in \u00e7al\u0131\u015fmalar\u0131m\u0131za devam ediyoruz\u201d dedi. Ula\u015ft\u0131rma ve Altyap\u0131 Bakan\u0131 Abdulkadir Uralo\u011flu, \u00c7in temaslar\u0131 kapsam\u0131nda Huawei ve ZTE [&hellip;]<\/p>\n","protected":false},"author":1,"featured_media":844,"comment_status":"open","ping_status":"open","sticky":false,"template":"","format":"standard","meta":{"footnotes":""},"categories":[1,15,20,78,4,30],"tags":[203,204],"class_list":["post-843","post","type-post","status-publish","format-standard","has-post-thumbnail","hentry","category-genel","category-gundem","category-hayat","category-manset","category-van-haber","category-yasam","tag-bakan-uraloglu","tag-teknoloji-devleriyle-bir-araya-geldi"],"_links":{"self":[{"href":"https:\/\/vangoluhaber.com\/index.php\/wp-json\/wp\/v2\/posts\/843","targetHints":{"allow":["GET"]}}],"collection":[{"href":"https:\/\/vangoluhaber.com\/index.php\/wp-json\/wp\/v2\/posts"}],"about":[{"href":"https:\/\/vangoluhaber.com\/index.php\/wp-json\/wp\/v2\/types\/post"}],"author":[{"embeddable":true,"href":"https:\/\/vangoluhaber.com\/index.php\/wp-json\/wp\/v2\/users\/1"}],"replies":[{"embeddable":true,"href":"https:\/\/vangoluhaber.com\/index.php\/wp-json\/wp\/v2\/comments?post=843"}],"version-history":[{"count":1,"href":"https:\/\/vangoluhaber.com\/index.php\/wp-json\/wp\/v2\/posts\/843\/revisions"}],"predecessor-version":[{"id":845,"href":"https:\/\/vangoluhaber.com\/index.php\/wp-json\/wp\/v2\/posts\/843\/revisions\/845"}],"wp:featuredmedia":[{"embeddable":true,"href":"https:\/\/vangoluhaber.com\/index.php\/wp-json\/wp\/v2\/media\/844"}],"wp:attachment":[{"href":"https:\/\/vangoluhaber.com\/index.php\/wp-json\/wp\/v2\/media?parent=843"}],"wp:term":[{"taxonomy":"category","embeddable":true,"href":"https:\/\/vangoluhaber.com\/index.php\/wp-json\/wp\/v2\/categories?post=843"},{"taxonomy":"post_tag","embeddable":true,"href":"https:\/\/vangoluhaber.com\/index.php\/wp-json\/wp\/v2\/tags?post=843"}],"curies":[{"name":"wp","href":"https:\/\/api.w.org\/{rel}","templated":true}]}}