{"id":848,"date":"2025-05-26T23:08:56","date_gmt":"2025-05-26T20:08:56","guid":{"rendered":"http:\/\/vangoluhaber.com\/?p=848"},"modified":"2025-05-26T23:08:56","modified_gmt":"2025-05-26T20:08:56","slug":"cumhurbaskani-erdogandan-cok-net-koltuk-mesaji-hicbirinin-gozunun-yasina-bakmayiz","status":"publish","type":"post","link":"https:\/\/vangoluhaber.com\/index.php\/2025\/05\/26\/cumhurbaskani-erdogandan-cok-net-koltuk-mesaji-hicbirinin-gozunun-yasina-bakmayiz\/","title":{"rendered":"Cumhurba\u015fkan\u0131 Erdo\u011fan&#8217;dan \u00e7ok net &#8220;Koltuk&#8221; mesaj\u0131: Hi\u00e7birinin g\u00f6z\u00fcn\u00fcn ya\u015f\u0131na bakmay\u0131z"},"content":{"rendered":"<p>G\u00f6revini k\u00f6t\u00fcye kullanan kamu \u00e7al\u0131\u015fan\u0131 ve idarecilerine kar\u015f\u0131 m\u00fcsamaha g\u00f6sterilmedi\u011fini ifade eden Cumhurba\u015fkan\u0131 Erdo\u011fan, &#8220;Milletin beklentisine cevap veremeyen, \u00e7\u00f6z\u00fcm\u00fcn de\u011fil sorunun par\u00e7as\u0131 olan, devletin itibar\u0131na halel getiren, kamu mallar\u0131n\u0131 israf eden, beyt\u00fclmale el uzatan kimsenin g\u00f6z\u00fcn\u00fcn ya\u015f\u0131na bakmad\u0131k bundan sonra da bakmay\u0131z&#8221; dedi.<\/p>\n<div id=\"news\">\n<p>Etik E\u011fitimi ve Etik E\u011fiticisi Yeti\u015ftirilmesi \u0130\u015fbirli\u011fi Protokol\u00fc \u0130mza T\u00f6reni&#8217;nde konu\u015fan Cumhurba\u015fkan\u0131 Erdo\u011fan, dikkat \u00e7eken de\u011ferlendirmelerde bulundu.<\/p>\n<h3>&#8220;KOLTU\u011eUNDAN G\u00dc\u00c7 DEV\u015e\u0130REREK&#8230;&#8221;<\/h3>\n<p>G\u00f6revini k\u00f6t\u00fcye kullanan kamu \u00e7al\u0131\u015fan\u0131 ve idarecilerine kar\u015f\u0131 m\u00fcsamaha g\u00f6sterilmeyece\u011fini ifade eden Erdo\u011fan, &#8220;Mevki, konumu, unvan\u0131 ne olursa olsun devlet hizmetindeki her karde\u015fime \u015funu hat\u0131rlatmak isterim; bu makamlar\u0131n her biri gelip ge\u00e7icidir. Bu makamlar milletin emanetidir bize. As\u0131l olan milletin duas\u0131n\u0131 alabilmektir. G\u00f6revini ve yetkisini k\u00f6t\u00fcye kullanan, milletin beklentisine cevap veremeyen, \u00e7\u00f6z\u00fcm\u00fcn de\u011fil sorunun par\u00e7as\u0131 olan, devletin itibar\u0131na halel getiren, kamu mallar\u0131n\u0131 israf eden, beyt\u00fclmale el uzatan kimsenin g\u00f6z\u00fcn\u00fcn ya\u015f\u0131na bakmad\u0131k bundan sonra da bakmay\u0131z. Koltu\u011fundan g\u00fc\u00e7 dev\u015firerek vatanda\u015fa zulmeden kimseye m\u00fcsamaha g\u00f6stermeyiz. devlet demek d\u00fczen intizam demektir. Devlet demek vatanda\u015fa hizmet eden mekanizmad\u0131r. \u0130\u015flemin yasalara uygun olmas\u0131 etik ve me\u015fru oldu\u011fu anlam\u0131na gelmez. Milletimizin tek bir ferdinin bile hakk\u0131n\u0131n yenmesine m\u00fcsaade etmeyiz. Kamu personelimizin burada azami hassasiyet g\u00f6stermesini bekliyoruz. Hukuka, etik anlay\u0131\u015fa uyan her bir karde\u015fimin bu milletin ba\u015f\u0131n\u0131n \u00fczerinde yeri vard\u0131r&#8221; ifadelerine yer verdi.<\/p>\n<h3>Erdo\u011fan&#8217;\u0131n a\u00e7\u0131klamalar\u0131ndan sat\u0131rba\u015flar\u0131;<\/h3>\n<p>&#8220;T\u00fcm kamu g\u00f6revlilerimizin etik haftas\u0131n\u0131 tebrik ediyorum. Her birine vazifelerinde \u00fcst\u00fcn ba\u015far\u0131lar diliyorum. 2 g\u00fczide kurmumuz aras\u0131nda imzalanan e\u011fitim ve fark\u0131ndal\u0131k faailiyetlerinin d\u00fczenlemesiyle bu protokol \u00f6nemli bir rol \u00fcstlenecek. Protokolun kurumlar\u0131m\u0131z i\u00e7in hay\u0131rlara vesile olmas\u0131n\u0131 diliyoruz.<\/p>\n<h3>&#8220;KAR\u015eIMIZA 2 GER\u00c7EKL\u0130K \u00c7IKIYOR&#8221;<\/h3>\n<p>Bu protokol kamuda etik bilinci i\u00e7in \u00f6nemli rol \u00fcstlenecektir. 2004 y\u0131l\u0131nda etik de\u011ferlerini art\u0131rmak i\u00e7in kurdu\u011fumuz kurul, son d\u00f6nemde etkin i\u015fler icra ediyor. Devlet tecr\u00fcbemiz 2 bin y\u0131l\u0131 a\u015fan k\u00f6kl\u00fc ge\u00e7mi\u015fe sahiptir. Kar\u015f\u0131m\u0131za iki ger\u00e7eklik \u00e7\u0131kmakta, ilki atalar\u0131m\u0131z\u0131n kurucu irade ve ba\u011f\u0131ms\u0131zl\u0131k ruhuna sahip oldu\u011fudur. En \u00fcmitsiz zamanlarda bile ecdad\u0131m\u0131z yeni devletler kurmu\u015ftur. Bu gelenek milletimiz yeniden toparlanmada ne denli mahir oldu\u011funu ortaya koymakta. \u0130kincisi ize insani merkeze alan yakla\u015f\u0131md\u0131r. Tarihimizin semalar\u0131nda g\u00f6ndere \u00e7ekti\u011fimiz t\u00fcm bayraklar iyili\u011fin, huzurun, erdem ve inanc\u0131n yery\u00fcz\u00fcndeki sembolleri olmu\u015ftur.<\/p>\n<p>Devlet hizmetinde her bir karde\u015fime \u015funu hat\u0131rlatmak isterim, bu makamlar\u0131n her biri gelip ge\u00e7icidir. Bu g\u00f6revler yetkiler bize milletin emanetidir. Aslolan halka samimiyetle hizmet ederek hakk\u0131n r\u0131zas\u0131n\u0131 kazanmak, milletimizin hay\u0131r duas\u0131na mazhar olabilmektir. Kamu yarar\u0131 her \u015feyin \u00fczerindedir. Devlet demek d\u00fczen, nizam, intizam demektir. Devlet demek vatanda\u015f\u0131na hizmet eden mekanizma demektir. G\u00f6revi k\u00f6t\u00fcye kullanan\u0131n g\u00f6z\u00fcn\u00fcn ya\u015f\u0131na bakmay\u0131z. Hak ve hukukun \u00e7i\u011fnenmesine izin vermeyiz.<\/p>\n<h3>&#8220;M\u0130LLET\u0130M\u0130Z\u0130N HAKKININ \u00c7\u0130\u011eNENMES\u0130NE M\u00dcSAADE ETMEY\u0130Z&#8221;<\/h3>\n<p>Devlette de toplumda da nizam\u0131 da yasalarla beraber vicdan sa\u011flar. Kimsen\u0131n mevzuattaki bo\u015fluklardan faydalanarak milletimizin tek bir ferdinin bile hakk\u0131n\u0131 \u00e7i\u011fnemesine m\u00fcsaade etmeyiz. \u0130nsan odakl\u0131 bir devlet y\u00f6netimini \u00f6nceleyen bir idare a\u00e7\u0131s\u0131ndan etik kurallar bir kanun kadar \u00f6nemlidir.<\/p>\n<h3>&#8220;GECE G\u00dcND\u00dcZ \u00c7ALI\u015eTIK&#8221;<\/h3>\n<p>Bizler yak\u0131n ge\u00e7mi\u015fte b\u00fcrokratik oligar\u015fiden \u00e7ok \u00e7ektik. Kendisini vatanda\u015ftan \u00fcst\u00fcn g\u00f6ren, burnundan k\u0131l ald\u0131rmayan kibir abideleri milletimize y\u0131llarca kan kusturdu. \u0130ktidar\u0131m\u0131z boyunca kamu hizmetlerinin iyile\u015ftirilmesi, hizmete eri\u015fimin kolayla\u015ft\u0131r\u0131lmas\u0131 i\u00e7in gece g\u00fcnd\u00fcz \u00e7al\u0131\u015ft\u0131k.<\/p>\n<h3>&#8220;KAMUDA VER\u0130ML\u0130L\u0130\u011e\u0130 ARTIRDIK&#8221;<\/h3>\n<p>Anayasa, yasa ve mevzuat d\u00fczeyinde yapt\u0131\u011f\u0131m\u0131z d\u00fczenlemelerle, kamuda verimlili\u011fi art\u0131rd\u0131k. Bilgi edinme yollar\u0131n\u0131 geni\u015flettik. 1994 y\u0131l\u0131nda \u0130stanbul B\u00fcy\u00fck\u015fehir Belediyesi&#8217;nde ba\u015flatt\u0131\u011f\u0131m\u0131z Beyaz Masa uygulamas\u0131n\u0131n daha modernini C\u0130MER&#8217;le t\u00fcm \u00fclke genelinde hayata ge\u00e7irmi\u015f olduk.<\/p>\n<h3>&#8220;AYNI AZ\u0130MLE \u00c7ALI\u015eMAYA DEVAM EDECE\u011e\u0130Z&#8221;<\/h3>\n<p>Millet ile devlet aras\u0131na \u00f6r\u00fclm\u00fc\u015f duvarlar\u0131 y\u0131karak millet iradesi \u00f6n\u00fcndeki engelleri kald\u0131rd\u0131k. Temsilde adaleti, y\u00f6netimde istikar\u0131 hakim k\u0131ld\u0131k. Bundan sonra da ayn\u0131 azimle \u00e7al\u0131\u015fmaya milletimize eser ve hizmet kazand\u0131rmaya devam edece\u011fiz.&#8221;<\/p>\n<p>Haberler.com<\/p>\n<\/div>\n","protected":false},"excerpt":{"rendered":"<p>G\u00f6revini k\u00f6t\u00fcye kullanan kamu \u00e7al\u0131\u015fan\u0131 ve idarecilerine kar\u015f\u0131 m\u00fcsamaha g\u00f6sterilmedi\u011fini ifade eden Cumhurba\u015fkan\u0131 Erdo\u011fan, &#8220;Milletin beklentisine cevap veremeyen, \u00e7\u00f6z\u00fcm\u00fcn de\u011fil sorunun par\u00e7as\u0131 olan, devletin itibar\u0131na halel getiren, kamu mallar\u0131n\u0131 israf eden, beyt\u00fclmale el uzatan kimsenin g\u00f6z\u00fcn\u00fcn ya\u015f\u0131na bakmad\u0131k bundan sonra da bakmay\u0131z&#8221; dedi. Etik E\u011fitimi ve Etik E\u011fiticisi Yeti\u015ftirilmesi \u0130\u015fbirli\u011fi Protokol\u00fc \u0130mza T\u00f6reni&#8217;nde konu\u015fan Cumhurba\u015fkan\u0131 [&hellip;]<\/p>\n","protected":false},"author":1,"featured_media":849,"comment_status":"open","ping_status":"open","sticky":false,"template":"","format":"standard","meta":{"footnotes":""},"categories":[1,15,78,19,4],"tags":[205],"class_list":["post-848","post","type-post","status-publish","format-standard","has-post-thumbnail","hentry","category-genel","category-gundem","category-manset","category-politika","category-van-haber","tag-cumhurbaskani-erdogandan-cok-net-koltuk-mesaji-hicbirinin-gozunun-yasina-bakmayiz"],"_links":{"self":[{"href":"https:\/\/vangoluhaber.com\/index.php\/wp-json\/wp\/v2\/posts\/848","targetHints":{"allow":["GET"]}}],"collection":[{"href":"https:\/\/vangoluhaber.com\/index.php\/wp-json\/wp\/v2\/posts"}],"about":[{"href":"https:\/\/vangoluhaber.com\/index.php\/wp-json\/wp\/v2\/types\/post"}],"author":[{"embeddable":true,"href":"https:\/\/vangoluhaber.com\/index.php\/wp-json\/wp\/v2\/users\/1"}],"replies":[{"embeddable":true,"href":"https:\/\/vangoluhaber.com\/index.php\/wp-json\/wp\/v2\/comments?post=848"}],"version-history":[{"count":1,"href":"https:\/\/vangoluhaber.com\/index.php\/wp-json\/wp\/v2\/posts\/848\/revisions"}],"predecessor-version":[{"id":850,"href":"https:\/\/vangoluhaber.com\/index.php\/wp-json\/wp\/v2\/posts\/848\/revisions\/850"}],"wp:featuredmedia":[{"embeddable":true,"href":"https:\/\/vangoluhaber.com\/index.php\/wp-json\/wp\/v2\/media\/849"}],"wp:attachment":[{"href":"https:\/\/vangoluhaber.com\/index.php\/wp-json\/wp\/v2\/media?parent=848"}],"wp:term":[{"taxonomy":"category","embeddable":true,"href":"https:\/\/vangoluhaber.com\/index.php\/wp-json\/wp\/v2\/categories?post=848"},{"taxonomy":"post_tag","embeddable":true,"href":"https:\/\/vangoluhaber.com\/index.php\/wp-json\/wp\/v2\/tags?post=848"}],"curies":[{"name":"wp","href":"https:\/\/api.w.org\/{rel}","templated":true}]}}