{"id":874,"date":"2025-05-26T23:37:51","date_gmt":"2025-05-26T20:37:51","guid":{"rendered":"http:\/\/vangoluhaber.com\/?p=874"},"modified":"2025-05-26T23:37:51","modified_gmt":"2025-05-26T20:37:51","slug":"vanspor-elazigspor-maci-tatil-edildi","status":"publish","type":"post","link":"https:\/\/vangoluhaber.com\/index.php\/2025\/05\/26\/vanspor-elazigspor-maci-tatil-edildi\/","title":{"rendered":"Vanspor, Elaz\u0131\u011fspor ma\u00e7\u0131 tatil edildi"},"content":{"rendered":"<p class=\"lead text-lg-start text-dark my-2 description\">Temsilcimiz Vanspor, play-off yar\u0131 final r\u00f6van\u015f ma\u00e7\u0131nda deplasmanda Elaz\u0131\u011fspor ile kar\u015f\u0131la\u015ft\u0131. Elaz\u0131\u011fspor ilk yar\u0131y\u0131 1-0 \u00f6nde tamamlad\u0131. 57. Dakikada hakem sahaya at\u0131lan maddelerden dolay\u0131 ma\u00e7a ara verdi. Daha sonra verilen kararla ma\u00e7 tatil edildi<\/p>\n<p>TFF 2.Lig K\u0131rm\u0131z\u0131 Grupta play-off 3. Tur r\u00f6van\u015f ma\u00e7\u0131nda, Vanspor deplasmanda Elaz\u0131\u011fspor\u2019un konu\u011fu oldu.<\/p>\n<p>Van&#8217;da oynanan ilk kar\u015f\u0131la\u015fmay\u0131 Vanspor 4-1 kazanmay\u0131 ba\u015farm\u0131\u015ft\u0131.<\/p>\n<p>Ma\u00e7\u0131 Fifa kokartl\u0131 S\u00fcper Lig hakemi \u00dcmit \u00d6zt\u00fcrk y\u00f6netti.<\/p>\n<p>Ma\u00e7 \u00f6ncesi ve ma\u00e7 icinde Elaz\u0131\u011fspor taraftarlar\u0131n\u0131n Vanspor tak\u0131m\u0131na y\u00f6nelik \u00e7irkin tezah\u00fcrat\u0131 ve sahaya yabanc\u0131 cisimleri att\u0131\u011f\u0131 g\u00f6r\u00fcl\u00fcrken, \u00e7ok yo\u011fun g\u00fcvenlik \u00f6nlemleri dikkat \u00e7ekti.<\/p>\n<p>HT Spor TV\u2019den canl\u0131 yay\u0131nlanan kar\u015f\u0131la\u015fma sahaya at\u0131lan yabanc\u0131 cisimlerden dolay\u0131 7 dakika ge\u00e7 ba\u015flad\u0131.<\/p>\n<p>Ma\u00e7 i\u00e7inde de trib\u00fcnlerden sahaya at\u0131lan yabanc\u0131 cisimlerden kaynakl\u0131 zaman zaman oyunun durdu\u011fu g\u00f6r\u00fcld\u00fc.<\/p>\n<p>Kar\u015f\u0131la\u015fman\u0131n 23. dakikas\u0131nda Muhammet G\u00f6n\u00fcla\u00e7ar&#8217;\u0131n att\u0131\u011f\u0131 golle Elaz\u0131\u011fspor 1-0 \u00f6ne ge\u00e7ti.<\/p>\n<div id=\"ad_121\" data-pagespeed=\"true\" data-advert=\"temedya\" data-channel=\"121\"><\/div>\n<p>Ma\u00e7\u0131n ilk yar\u0131s\u0131 Elaz\u0131\u011fspor\u2019un 1-0&#8217;l\u0131k \u00fcst\u00fcnl\u00fc\u011f\u00fc ile tamamland\u0131.<\/p>\n<p>Kar\u015f\u0131la\u015fman\u0131n ikinci yar\u0131s\u0131 da yine sahaya at\u0131lan maddelerden dolay\u0131 gecikmeli ba\u015flad\u0131.<\/p>\n<p>Ma\u00e7 oynan\u0131rken de s\u00fcrekli taraftarlar\u0131n Vanspor&#8217;lu sporculara y\u00f6nelik su \u015fi\u015feleri ve \u00e7e\u015fitli maddeler atmas\u0131 sonucu oyun zaman zaman durdu.<\/p>\n<p>Elaz\u0131\u011fspor 54. Dakikada Halil \u0130brahim ile fileleri havaland\u0131rd\u0131, ama hakem ofsayt gerek\u00e7esiyle gol\u00fc vermedi.<\/p>\n<p>57. Dakikada hakem sahaya at\u0131lan yabanc\u0131 cisimlerden dolay\u0131 ma\u00e7a ara vererek, yard\u0131mc\u0131lar\u0131 ile birlikte soyunma odas\u0131na gitti.<\/p>\n<p>68. Dakikada Vanspor tak\u0131m\u0131 da soyunma odas\u0131na gitti.<\/p>\n","protected":false},"excerpt":{"rendered":"<p>Temsilcimiz Vanspor, play-off yar\u0131 final r\u00f6van\u015f ma\u00e7\u0131nda deplasmanda Elaz\u0131\u011fspor ile kar\u015f\u0131la\u015ft\u0131. Elaz\u0131\u011fspor ilk yar\u0131y\u0131 1-0 \u00f6nde tamamlad\u0131. 57. Dakikada hakem sahaya at\u0131lan maddelerden dolay\u0131 ma\u00e7a ara verdi. Daha sonra verilen kararla ma\u00e7 tatil edildi TFF 2.Lig K\u0131rm\u0131z\u0131 Grupta play-off 3. Tur r\u00f6van\u015f ma\u00e7\u0131nda, Vanspor deplasmanda Elaz\u0131\u011fspor\u2019un konu\u011fu oldu. Van&#8217;da oynanan ilk kar\u015f\u0131la\u015fmay\u0131 Vanspor 4-1 kazanmay\u0131 [&hellip;]<\/p>\n","protected":false},"author":1,"featured_media":875,"comment_status":"open","ping_status":"open","sticky":false,"template":"","format":"standard","meta":{"footnotes":""},"categories":[1,15,20,78,4],"tags":[212,211],"class_list":["post-874","post","type-post","status-publish","format-standard","has-post-thumbnail","hentry","category-genel","category-gundem","category-hayat","category-manset","category-van-haber","tag-elazigspor-maci-tatil-edildi","tag-vanspor"],"_links":{"self":[{"href":"https:\/\/vangoluhaber.com\/index.php\/wp-json\/wp\/v2\/posts\/874","targetHints":{"allow":["GET"]}}],"collection":[{"href":"https:\/\/vangoluhaber.com\/index.php\/wp-json\/wp\/v2\/posts"}],"about":[{"href":"https:\/\/vangoluhaber.com\/index.php\/wp-json\/wp\/v2\/types\/post"}],"author":[{"embeddable":true,"href":"https:\/\/vangoluhaber.com\/index.php\/wp-json\/wp\/v2\/users\/1"}],"replies":[{"embeddable":true,"href":"https:\/\/vangoluhaber.com\/index.php\/wp-json\/wp\/v2\/comments?post=874"}],"version-history":[{"count":1,"href":"https:\/\/vangoluhaber.com\/index.php\/wp-json\/wp\/v2\/posts\/874\/revisions"}],"predecessor-version":[{"id":876,"href":"https:\/\/vangoluhaber.com\/index.php\/wp-json\/wp\/v2\/posts\/874\/revisions\/876"}],"wp:featuredmedia":[{"embeddable":true,"href":"https:\/\/vangoluhaber.com\/index.php\/wp-json\/wp\/v2\/media\/875"}],"wp:attachment":[{"href":"https:\/\/vangoluhaber.com\/index.php\/wp-json\/wp\/v2\/media?parent=874"}],"wp:term":[{"taxonomy":"category","embeddable":true,"href":"https:\/\/vangoluhaber.com\/index.php\/wp-json\/wp\/v2\/categories?post=874"},{"taxonomy":"post_tag","embeddable":true,"href":"https:\/\/vangoluhaber.com\/index.php\/wp-json\/wp\/v2\/tags?post=874"}],"curies":[{"name":"wp","href":"https:\/\/api.w.org\/{rel}","templated":true}]}}