{"id":884,"date":"2025-06-10T22:38:05","date_gmt":"2025-06-10T19:38:05","guid":{"rendered":"http:\/\/vangoluhaber.com\/?p=884"},"modified":"2025-06-10T22:38:05","modified_gmt":"2025-06-10T19:38:05","slug":"vanda-olimpik-yuzme-havuzuna-yogun-ilgi","status":"publish","type":"post","link":"https:\/\/vangoluhaber.com\/index.php\/2025\/06\/10\/vanda-olimpik-yuzme-havuzuna-yogun-ilgi\/","title":{"rendered":"Van\u2019da  olimpik  y\u00fczme havuzuna yo\u011fun ilgi"},"content":{"rendered":"<p>Van\u2019da 2012\u2019den beri hizmet veren olimpik y\u00fczme havuzu, yaz k\u0131\u015f vatanda\u015flardan yo\u011fun ilgi g\u00f6r\u00fcyor.<\/p>\n<p>&nbsp;<\/p>\n<p>Van\u2019da \u0130pekyolu il\u00e7esi Seyit Fehim Arvasi Mahallesi\u2019nde 2012 y\u0131l\u0131nda hizmete a\u00e7\u0131lan olimpik y\u00fczme havuzu, yo\u011fun ilgi g\u00f6r\u00fcyor. Ulusal ve uluslararas\u0131 yar\u0131\u015flara ev sahipli\u011fi yapabilecek standartlarda 50 metre uzunlu\u011fu, 25 metre geni\u015fli\u011fi, 3 metre derinli\u011fi ve 2,5 metrelik 10 kulvar\u0131 bulunan y\u00fczme havuzunda, Gen\u00e7lik ve Spor \u0130l M\u00fcd\u00fcrl\u00fc\u011f\u00fc\u2019nce \u00f6\u011frencilere y\u00fczme antren\u00f6rleri e\u015fli\u011finde y\u00fczme e\u011fitimleri veriliyor. Gen\u00e7lik ve Spor Bakanl\u0131\u011f\u0131 ile Milli E\u011fitim Bakanl\u0131\u011f\u0131 taraf\u0131ndan yap\u0131lan protokol \u00e7er\u00e7evesinde 6 y\u0131l \u00f6nce Van\u2019da ba\u015flat\u0131lan &#8220;Y\u00fczme Bilmeyen Kalmas\u0131n&#8221; projesi \u00e7er\u00e7evesinde 2024 y\u0131l\u0131nda 56 bin 478 ki\u015finin y\u00fczme \u00f6\u011frendi\u011fi belirtildi.<\/p>\n<p>&nbsp;<\/p>\n<p>Kent genelinde 6-65 ya\u015f aras\u0131 herkesin projeden faydaland\u0131\u011f\u0131n\u0131 ifade eden Van Olimpik Y\u00fczme Havuzu Tesis Amiri Ayhan Tek\u00e7e, &#8220;Havuzumuz sabah 07.00\u2019den ak\u015fam saat 22.00\u2019a kadar hizmet veriyor. \u015eu an a\u015f\u0131r\u0131 bir ilgi var. \u00d6zellikle \u00e7ocuk ve yeti\u015fkinlerde adeta bir rekabet s\u00f6z konusu. Her il\u00e7ede hatta baz\u0131 il\u00e7elerde 2 havuzumuz olmas\u0131na ra\u011fmen bu kadar ilgi bizi \u015fa\u015f\u0131rt\u0131yor&#8221; dedi. Van\u2019da 13 havuzun oldu\u011funu ve hedeflerinin bunu 23\u2019e tamamlamak oldu\u011funu vurgulayan Tek\u00e7e, &#8220;Van\u2019\u0131 y\u00fczmenin ba\u015fkenti yapmak istiyoruz. \u015eu an 13 havuzumuz aktif halde bunu 23\u2019e tamamlamaya \u00e7al\u0131\u015f\u0131yoruz. &#8220;Y\u00fczme bilmeyen kalmas\u0131n&#8221; projesi \u00e7er\u00e7evesinde 7 den 70\u2019e hizmet ediyoruz. Ayr\u0131ca burada sporcular\u0131m\u0131z ve masterlere y\u00f6nelik de e\u011fitimlerimiz s\u00fcr\u00fcyor. Yakla\u015f\u0131k 20 g\u00fcn \u00f6nce federasyon yar\u0131\u015fmalar\u0131na 12 sporcumuz gitti ve 12 sporcumuz da madalyayla d\u00f6nd\u00fc. T\u00fcrkiye finallerine \u00e7\u0131kan sporcular\u0131m\u0131z ve semt sporcular\u0131m\u0131z da var. Tabii havuzlar\u0131m\u0131zda tecr\u00fcbeli antren\u00f6r ve cankurtaranlar e\u015fli\u011finde e\u011fitimlerimiz yap\u0131l\u0131yor&#8221; diye konu\u015ftu.<\/p>\n<p>&nbsp;<\/p>\n<p>&nbsp;<\/p>\n","protected":false},"excerpt":{"rendered":"<p>Van\u2019da 2012\u2019den beri hizmet veren olimpik y\u00fczme havuzu, yaz k\u0131\u015f vatanda\u015flardan yo\u011fun ilgi g\u00f6r\u00fcyor. &nbsp; Van\u2019da \u0130pekyolu il\u00e7esi Seyit Fehim Arvasi Mahallesi\u2019nde 2012 y\u0131l\u0131nda hizmete a\u00e7\u0131lan olimpik y\u00fczme havuzu, yo\u011fun ilgi g\u00f6r\u00fcyor. Ulusal ve uluslararas\u0131 yar\u0131\u015flara ev sahipli\u011fi yapabilecek standartlarda 50 metre uzunlu\u011fu, 25 metre geni\u015fli\u011fi, 3 metre derinli\u011fi ve 2,5 metrelik 10 kulvar\u0131 bulunan [&hellip;]<\/p>\n","protected":false},"author":1,"featured_media":885,"comment_status":"open","ping_status":"open","sticky":false,"template":"","format":"standard","meta":{"footnotes":""},"categories":[1,15,78,4,30],"tags":[214],"class_list":["post-884","post","type-post","status-publish","format-standard","has-post-thumbnail","hentry","category-genel","category-gundem","category-manset","category-van-haber","category-yasam","tag-vanda-olimpik-yuzme-havuzuna-yogun-ilgi"],"_links":{"self":[{"href":"https:\/\/vangoluhaber.com\/index.php\/wp-json\/wp\/v2\/posts\/884","targetHints":{"allow":["GET"]}}],"collection":[{"href":"https:\/\/vangoluhaber.com\/index.php\/wp-json\/wp\/v2\/posts"}],"about":[{"href":"https:\/\/vangoluhaber.com\/index.php\/wp-json\/wp\/v2\/types\/post"}],"author":[{"embeddable":true,"href":"https:\/\/vangoluhaber.com\/index.php\/wp-json\/wp\/v2\/users\/1"}],"replies":[{"embeddable":true,"href":"https:\/\/vangoluhaber.com\/index.php\/wp-json\/wp\/v2\/comments?post=884"}],"version-history":[{"count":1,"href":"https:\/\/vangoluhaber.com\/index.php\/wp-json\/wp\/v2\/posts\/884\/revisions"}],"predecessor-version":[{"id":886,"href":"https:\/\/vangoluhaber.com\/index.php\/wp-json\/wp\/v2\/posts\/884\/revisions\/886"}],"wp:featuredmedia":[{"embeddable":true,"href":"https:\/\/vangoluhaber.com\/index.php\/wp-json\/wp\/v2\/media\/885"}],"wp:attachment":[{"href":"https:\/\/vangoluhaber.com\/index.php\/wp-json\/wp\/v2\/media?parent=884"}],"wp:term":[{"taxonomy":"category","embeddable":true,"href":"https:\/\/vangoluhaber.com\/index.php\/wp-json\/wp\/v2\/categories?post=884"},{"taxonomy":"post_tag","embeddable":true,"href":"https:\/\/vangoluhaber.com\/index.php\/wp-json\/wp\/v2\/tags?post=884"}],"curies":[{"name":"wp","href":"https:\/\/api.w.org\/{rel}","templated":true}]}}