{"id":888,"date":"2025-06-10T22:39:47","date_gmt":"2025-06-10T19:39:47","guid":{"rendered":"http:\/\/vangoluhaber.com\/?p=888"},"modified":"2025-06-10T22:39:47","modified_gmt":"2025-06-10T19:39:47","slug":"vanda-yaban-kecisi-avlayan-sahis-yakalandi","status":"publish","type":"post","link":"https:\/\/vangoluhaber.com\/index.php\/2025\/06\/10\/vanda-yaban-kecisi-avlayan-sahis-yakalandi\/","title":{"rendered":"Van\u2019da yaban ke\u00e7isi avlayan \u015fah\u0131s yakaland\u0131"},"content":{"rendered":"<p>Van\u2019\u0131n G\u00fcrp\u0131nar il\u00e7esinde yasakl\u0131 yaban ke\u00e7isi av\u0131 yapan \u015fah\u0131s, jandarma taraf\u0131ndan 3 saat i\u00e7erisinde su\u00e7 aletiyle yakaland\u0131, 20 bin 119 TL ceza kesildi.<\/p>\n<p>&nbsp;<\/p>\n<p>Van Valili\u011finden yap\u0131lan a\u00e7\u0131klamada, &#8220;Do\u011fa Koruma ve Milli Parklar (DKMP) 14. B\u00f6lge M\u00fcd\u00fcrl\u00fc\u011f\u00fc\u2019ne ba\u011fl\u0131 Van \u015eube M\u00fcd\u00fcrl\u00fc\u011f\u00fc ekipleri, G\u00fcrp\u0131nar il\u00e7esine ba\u011fl\u0131 G\u00fczelsu Mahallesi karayolu \u00fczerinde, 7 Haziran 2025 g\u00fcn\u00fc saat 14.00 sular\u0131nda bir \u015fahs\u0131n, avlanmas\u0131 yasak olan yaban ke\u00e7i t\u00fcrlerini av t\u00fcfe\u011fi ile hedef ald\u0131\u011f\u0131 sosyal medya platformlar\u0131nda payla\u015f\u0131lan g\u00f6r\u00fcnt\u00fclerle ortaya \u00e7\u0131kt\u0131. Jandarma birimlerine de haber verilerek ivedi olarak b\u00f6lgeye hareket edildi. Olay\u0131n oldu\u011fu karayolu \u00fczerinde ve geni\u015f bir alanda jandarma birimleri ile yap\u0131lan kontrollerde, yaban ke\u00e7ilerinin vuruldu\u011funa dair herhangi bir iz tespit edilmedi. Van \u0130l Jandarma Komutanl\u0131\u011f\u0131 ekipleri, olayla ilgili istihbarat destekli y\u00fcr\u00fctt\u00fckleri titiz \u00e7al\u0131\u015fmalar sonucunda 3 saat i\u00e7erisinde \u015f\u00fcpheli Y.S. (20) isimli \u015fahs\u0131 su\u00e7 aleti ile birlikte yakalad\u0131. Y.S. hakk\u0131nda 4915 Say\u0131l\u0131 Kara Avc\u0131l\u0131\u011f\u0131 Kanunu kapsam\u0131nda 20 bin 119 TL idari para cezas\u0131 kesildi. Ayr\u0131ca, \u00e7evre g\u00fcvenli\u011fini tehlikeye soktu\u011fu gerek\u00e7esiyle \u2019Genel G\u00fcvenli\u011fi Tehlikeye Atma\u2019 su\u00e7undan adli i\u015flem ba\u015flat\u0131ld\u0131&#8221; ifadelerine yer verildi.<\/p>\n","protected":false},"excerpt":{"rendered":"<p>Van\u2019\u0131n G\u00fcrp\u0131nar il\u00e7esinde yasakl\u0131 yaban ke\u00e7isi av\u0131 yapan \u015fah\u0131s, jandarma taraf\u0131ndan 3 saat i\u00e7erisinde su\u00e7 aletiyle yakaland\u0131, 20 bin 119 TL ceza kesildi. &nbsp; Van Valili\u011finden yap\u0131lan a\u00e7\u0131klamada, &#8220;Do\u011fa Koruma ve Milli Parklar (DKMP) 14. B\u00f6lge M\u00fcd\u00fcrl\u00fc\u011f\u00fc\u2019ne ba\u011fl\u0131 Van \u015eube M\u00fcd\u00fcrl\u00fc\u011f\u00fc ekipleri, G\u00fcrp\u0131nar il\u00e7esine ba\u011fl\u0131 G\u00fczelsu Mahallesi karayolu \u00fczerinde, 7 Haziran 2025 g\u00fcn\u00fc saat 14.00 [&hellip;]<\/p>\n","protected":false},"author":1,"featured_media":889,"comment_status":"open","ping_status":"open","sticky":false,"template":"","format":"standard","meta":{"footnotes":""},"categories":[1,15,78,4,30],"tags":[215],"class_list":["post-888","post","type-post","status-publish","format-standard","has-post-thumbnail","hentry","category-genel","category-gundem","category-manset","category-van-haber","category-yasam","tag-vanda-yaban-kecisi-avlayan-sahis-yakalandi"],"_links":{"self":[{"href":"https:\/\/vangoluhaber.com\/index.php\/wp-json\/wp\/v2\/posts\/888","targetHints":{"allow":["GET"]}}],"collection":[{"href":"https:\/\/vangoluhaber.com\/index.php\/wp-json\/wp\/v2\/posts"}],"about":[{"href":"https:\/\/vangoluhaber.com\/index.php\/wp-json\/wp\/v2\/types\/post"}],"author":[{"embeddable":true,"href":"https:\/\/vangoluhaber.com\/index.php\/wp-json\/wp\/v2\/users\/1"}],"replies":[{"embeddable":true,"href":"https:\/\/vangoluhaber.com\/index.php\/wp-json\/wp\/v2\/comments?post=888"}],"version-history":[{"count":1,"href":"https:\/\/vangoluhaber.com\/index.php\/wp-json\/wp\/v2\/posts\/888\/revisions"}],"predecessor-version":[{"id":890,"href":"https:\/\/vangoluhaber.com\/index.php\/wp-json\/wp\/v2\/posts\/888\/revisions\/890"}],"wp:featuredmedia":[{"embeddable":true,"href":"https:\/\/vangoluhaber.com\/index.php\/wp-json\/wp\/v2\/media\/889"}],"wp:attachment":[{"href":"https:\/\/vangoluhaber.com\/index.php\/wp-json\/wp\/v2\/media?parent=888"}],"wp:term":[{"taxonomy":"category","embeddable":true,"href":"https:\/\/vangoluhaber.com\/index.php\/wp-json\/wp\/v2\/categories?post=888"},{"taxonomy":"post_tag","embeddable":true,"href":"https:\/\/vangoluhaber.com\/index.php\/wp-json\/wp\/v2\/tags?post=888"}],"curies":[{"name":"wp","href":"https:\/\/api.w.org\/{rel}","templated":true}]}}