{"id":906,"date":"2025-07-05T23:02:37","date_gmt":"2025-07-05T20:02:37","guid":{"rendered":"http:\/\/vangoluhaber.com\/?p=906"},"modified":"2025-07-05T23:02:37","modified_gmt":"2025-07-05T20:02:37","slug":"vanda-yaz-spor-okullari-basladi","status":"publish","type":"post","link":"https:\/\/vangoluhaber.com\/index.php\/2025\/07\/05\/vanda-yaz-spor-okullari-basladi\/","title":{"rendered":"Van\u2019da yaz spor okullar\u0131 ba\u015flad\u0131"},"content":{"rendered":"<p>Van\u2019da okullar\u0131n yaz tatiline girmesiyle birlikte \u00e7ocuk ve gen\u00e7lerin yaz tatilini daha verimli ge\u00e7irmesi amac\u0131yla Gen\u00e7lik ve Spor Bakanl\u0131\u011f\u0131 \u00f6nc\u00fcl\u00fc\u011f\u00fcnde d\u00fczenlenen yaz spor okullar\u0131n\u0131n a\u00e7\u0131l\u0131\u015f\u0131 yap\u0131ld\u0131.<\/p>\n<p>&nbsp;<\/p>\n<p>\u0130pekyolu Futbol Sahas\u0131\u2019nda ger\u00e7ekle\u015ftirilen program, halk oyunlar\u0131 ve cimnastik g\u00f6sterileriyle ba\u015flad\u0131. Programda konu\u015fan Van Gen\u00e7lik ve Spor \u0130l M\u00fcd\u00fcr\u00fc Yal\u00e7\u0131n \u00d6zdemir, yaz aylar\u0131n\u0131n enerjisini, heyecan\u0131n\u0131 ve ne\u015fesini sporla bulu\u015fturmak i\u00e7in bir araya geldiklerini belirtti. Sporun sadece bedeni g\u00fc\u00e7lendiren de\u011fil, ayn\u0131 zamanda dostluklar\u0131 peki\u015ftiren, disiplini art\u0131ran bir ya\u015fam bi\u00e7imi oldu\u011funu ifade eden \u00d6zdemir, &#8220;Bu yaz d\u00f6neminde, \u00e7ocuklar\u0131m\u0131z\u0131n ve gen\u00e7lerimizin spor sayesinde sa\u011fl\u0131kl\u0131, mutlu ve sosyal bireyler olarak yeti\u015fmelerine katk\u0131 sunmak en b\u00fcy\u00fck hedefimizdir. Spor Van Projesi ile beraber havuz olmayan hi\u00e7bir il\u00e7emiz kalmam\u0131\u015ft\u0131r. Sporcu fabrikalar\u0131m\u0131z ile yeni yap\u0131lan spor salonlar\u0131m\u0131z ile birlikte sporu tabana yayma hedefimiz ba\u015flam\u0131\u015f ve devam etmektedir. \u015eehir merkezimizde, il\u00e7elerimizde, k\u00f6ylerimizde ve en \u00fccra noktalar\u0131m\u0131zda hal\u0131 sahalar yap\u0131lm\u0131\u015f, gen\u00e7lerimiz bu hizmetlerden faydalanm\u0131\u015ft\u0131r. Spor ve sporcunun yeni merkezi olan Van\u2019da, spor malzemelerine milyonluk yat\u0131r\u0131m yap\u0131lm\u0131\u015f ve yap\u0131lmaya devam etmektedir&#8221; dedi.<\/p>\n<p>&nbsp;<\/p>\n<p>Sporcular\u0131n toplu foto\u011fraf \u00e7ekimiyle sona eren etkinli\u011fe, Van Valisi ve B\u00fcy\u00fck\u015fehir Belediye Ba\u015fkan Vekili Ozan Balc\u0131, \u0130l Emniyet M\u00fcd\u00fcr\u00fc Murat Mutlu, \u0130l Sa\u011fl\u0131k M\u00fcd\u00fcr\u00fc Operat\u00f6r Dr. Muhammed Tosun, Van Gen\u00e7lik ve Spor \u0130l M\u00fcd\u00fcr\u00fc Yal\u00e7\u0131n \u00d6zdemir, sporcular ile antren\u00f6rler kat\u0131ld\u0131.<\/p>\n","protected":false},"excerpt":{"rendered":"<p>Van\u2019da okullar\u0131n yaz tatiline girmesiyle birlikte \u00e7ocuk ve gen\u00e7lerin yaz tatilini daha verimli ge\u00e7irmesi amac\u0131yla Gen\u00e7lik ve Spor Bakanl\u0131\u011f\u0131 \u00f6nc\u00fcl\u00fc\u011f\u00fcnde d\u00fczenlenen yaz spor okullar\u0131n\u0131n a\u00e7\u0131l\u0131\u015f\u0131 yap\u0131ld\u0131. &nbsp; \u0130pekyolu Futbol Sahas\u0131\u2019nda ger\u00e7ekle\u015ftirilen program, halk oyunlar\u0131 ve cimnastik g\u00f6sterileriyle ba\u015flad\u0131. Programda konu\u015fan Van Gen\u00e7lik ve Spor \u0130l M\u00fcd\u00fcr\u00fc Yal\u00e7\u0131n \u00d6zdemir, yaz aylar\u0131n\u0131n enerjisini, heyecan\u0131n\u0131 ve ne\u015fesini sporla [&hellip;]<\/p>\n","protected":false},"author":1,"featured_media":907,"comment_status":"open","ping_status":"open","sticky":false,"template":"","format":"standard","meta":{"footnotes":""},"categories":[18,1,15,78,4],"tags":[218],"class_list":["post-906","post","type-post","status-publish","format-standard","has-post-thumbnail","hentry","category-egitim","category-genel","category-gundem","category-manset","category-van-haber","tag-vanda-yaz-spor-okullari-basladi"],"_links":{"self":[{"href":"https:\/\/vangoluhaber.com\/index.php\/wp-json\/wp\/v2\/posts\/906","targetHints":{"allow":["GET"]}}],"collection":[{"href":"https:\/\/vangoluhaber.com\/index.php\/wp-json\/wp\/v2\/posts"}],"about":[{"href":"https:\/\/vangoluhaber.com\/index.php\/wp-json\/wp\/v2\/types\/post"}],"author":[{"embeddable":true,"href":"https:\/\/vangoluhaber.com\/index.php\/wp-json\/wp\/v2\/users\/1"}],"replies":[{"embeddable":true,"href":"https:\/\/vangoluhaber.com\/index.php\/wp-json\/wp\/v2\/comments?post=906"}],"version-history":[{"count":1,"href":"https:\/\/vangoluhaber.com\/index.php\/wp-json\/wp\/v2\/posts\/906\/revisions"}],"predecessor-version":[{"id":908,"href":"https:\/\/vangoluhaber.com\/index.php\/wp-json\/wp\/v2\/posts\/906\/revisions\/908"}],"wp:featuredmedia":[{"embeddable":true,"href":"https:\/\/vangoluhaber.com\/index.php\/wp-json\/wp\/v2\/media\/907"}],"wp:attachment":[{"href":"https:\/\/vangoluhaber.com\/index.php\/wp-json\/wp\/v2\/media?parent=906"}],"wp:term":[{"taxonomy":"category","embeddable":true,"href":"https:\/\/vangoluhaber.com\/index.php\/wp-json\/wp\/v2\/categories?post=906"},{"taxonomy":"post_tag","embeddable":true,"href":"https:\/\/vangoluhaber.com\/index.php\/wp-json\/wp\/v2\/tags?post=906"}],"curies":[{"name":"wp","href":"https:\/\/api.w.org\/{rel}","templated":true}]}}