{"id":993,"date":"2025-09-23T19:54:14","date_gmt":"2025-09-23T16:54:14","guid":{"rendered":"https:\/\/vangoluhaber.com\/?p=993"},"modified":"2025-09-23T19:54:14","modified_gmt":"2025-09-23T16:54:14","slug":"vanda-gurme-ve-gastronomi-fuari-kapilarini-acmaya-hazirlaniyor","status":"publish","type":"post","link":"https:\/\/vangoluhaber.com\/index.php\/2025\/09\/23\/vanda-gurme-ve-gastronomi-fuari-kapilarini-acmaya-hazirlaniyor\/","title":{"rendered":"Van\u2019da &#8220;Gurme ve Gastronomi Fuar\u0131&#8221; kap\u0131lar\u0131n\u0131 a\u00e7maya haz\u0131rlan\u0131yor"},"content":{"rendered":"<p>Van Ticaret ve Sanayi Odas\u0131 (Van TSO) taraf\u0131ndan bu y\u0131l 3\u2019\u00fcnc\u00fcs\u00fc d\u00fczenlenecek olan &#8220;Van Gurme ve Gastronomi Fuar\u0131&#8221;n\u0131n lansman\u0131 ger\u00e7ekle\u015ftirildi.<\/p>\n<p>&nbsp;<\/p>\n<p>Organize Sanayi B\u00f6lgesi Expo Fuar ve Kongre Merkezi\u2019nde 25-28 Eyl\u00fcl tarihlerinde kap\u0131lar\u0131n\u0131 a\u00e7acak olan fuar\u0131n tan\u0131t\u0131m\u0131, Van TSO ev sahipli\u011finde d\u00fczenlenen bas\u0131n toplant\u0131s\u0131yla yap\u0131ld\u0131. Toplant\u0131da, fuar\u0131n bu y\u0131l T\u00fcrkiye\u2019nin farkl\u0131 illerinden \u00e7ok say\u0131da \u00fcnl\u00fc \u015fef, gurme ve yemek yazar\u0131n\u0131n kat\u0131l\u0131m\u0131yla ger\u00e7ekle\u015fece\u011fi vurguland\u0131. Etkinli\u011fin Van\u2019\u0131n zengin mutfak k\u00fclt\u00fcr\u00fcn\u00fc ve tescilli \u00fcr\u00fcnlerini tan\u0131tarak kenti gastronomi turizmi a\u00e7\u0131s\u0131ndan bir \u00e7ekim merkezi haline getirmesinin hedeflendi\u011fi bildirildi.<\/p>\n<p>Toplant\u0131da konu\u015fan Van TSO Y\u00f6netim Kurulu Ba\u015fkan\u0131 Necdet Takva, gastronomi ve gurme faaliyetlerinin turizm a\u00e7\u0131s\u0131ndan \u00f6nemli bir destinasyon haline geldi\u011fini belirtti. Bu kapsamda bu y\u0131l da &#8220;81 \u0130l 81 Lezzet&#8221; mottosuyla, 25-28 Eyl\u00fcl tarihleri aras\u0131nda Van Gurme ve Gastronomi Fuar\u0131\u2019n\u0131 d\u00fczenleyeceklerini ifade eden Y\u00f6netim Kurulu Ba\u015fkan\u0131 Takva, &#8220;1990\u2019l\u0131 y\u0131llardan itibaren d\u00fcnyan\u0131n \u00f6nde gelen turizm gurmeleri ve gastronomi profesyonelleri, yeme-i\u00e7me sekt\u00f6r\u00fcn\u00fcn, hatta yemek biliminin insanlar\u0131n vazge\u00e7ilmez aray\u0131\u015flar\u0131ndan biri oldu\u011funu vurgulam\u0131\u015f; bu bak\u0131\u015f a\u00e7\u0131s\u0131yla baz\u0131 \u00fclkeler gastronomiyi bir turizm destinasyonu haline getirmeyi ba\u015farm\u0131\u015ft\u0131r. Bug\u00fcn G\u00fcney Amerika\u2019daki baz\u0131 \u00fclkeler, \u0130skandinavya ve \u00f6zellikle Hollanda bu konuda olduk\u00e7a ba\u015far\u0131l\u0131 \u00f6rnekler sunmaktad\u0131r. Son 10 y\u0131lda ise \u00fclkemizde bir\u00e7ok \u015fehir, bu potansiyeli fark ederek rekabet\u00e7iliklerini art\u0131rmak amac\u0131yla \u00f6nemli yat\u0131r\u0131mlar yapmaya ba\u015flam\u0131\u015ft\u0131r. Bizim de derin tarihimizden gelen zenginli\u011fimizi, \u00f6zellikle mutfak alan\u0131nda hen\u00fcz g\u00fcn y\u00fcz\u00fcne \u00e7\u0131kmam\u0131\u015f de\u011ferlerimizi tan\u0131tmak, bu k\u00fcresel gastronomi liginde yerimizi almak ve ilimizin, b\u00f6lgemizin turizmden hak etti\u011fi pay\u0131 almas\u0131n\u0131 sa\u011flamak temel amac\u0131m\u0131zd\u0131r&#8221; dedi.<\/p>\n<p>&nbsp;<\/p>\n<p>&nbsp;<\/p>\n<p>&nbsp;<\/p>\n<p>&#8220;Bu fuar\u0131 s\u0131radan y\u00f6resel etkinliklerden ayr\u0131 de\u011ferlendirin&#8221;<\/p>\n<p>&nbsp;<\/p>\n<p>Fuar\u0131n 3 g\u00fcn boyunca T\u00fcrkiye\u2019nin d\u00f6rt bir yan\u0131ndan firmalar\u0131 bir araya getirip bir e\u011flence ortam\u0131 olu\u015fturmay\u0131 hedefleyen bir etkinlik olmayaca\u011f\u0131n\u0131 dile getiren Takva, &#8220;Aksine, \u00e7ok daha stratejik bir yakla\u015f\u0131mla tasarlanm\u0131\u015f, \u00f6nemli bir giri\u015fimdir. L\u00fctfen Van Gurme ve Gastronomi Fuar\u0131\u2019n\u0131 s\u0131radan y\u00f6resel etkinliklerden ayr\u0131 de\u011ferlendirin. Malumunuz, bir\u00e7ok ilde gastronomi temal\u0131 organizasyonlar art\u0131k bir modaya d\u00f6n\u00fc\u015fm\u00fc\u015f durumda. Bizim gayemiz; ba\u015fta tescilli \u00fcr\u00fcnlerimiz olmak \u00fczere binlerce y\u0131ll\u0131k mutfak k\u00fclt\u00fcr\u00fcm\u00fcz\u00fc d\u00fcnyaya tan\u0131tmak, \u015fehrimizi bir \u00e7ekim merkezi haline getirmektir. Bu nedenle etkinli\u011fimize \u2019Gastronomi ve Gurme Fuar\u0131\u2019 ad\u0131n\u0131 veriyoruz. Zira gastronomi yemek bilimi, gurme ise bu lezzetleri tadan ve de\u011ferlendiren uzmanlard\u0131r&#8221; diye konu\u015ftu.<\/p>\n<p>&nbsp;<\/p>\n<p>Bu y\u0131l d\u00fczenlenecek olan fuarda farkl\u0131 bir heyecan ya\u015fad\u0131klar\u0131n\u0131 ifade eden Takva, s\u00f6zlerini \u015f\u00f6yle s\u00fcrd\u00fcrd\u00fc:<\/p>\n<p>&nbsp;<\/p>\n<p>&#8220;\u00dc\u00e7\u00fcnc\u00fcs\u00fcn\u00fc ger\u00e7ekle\u015ftirece\u011fimiz bu organizasyona T\u00fcrkiye\u2019nin d\u00f6rt bir yan\u0131ndan, ulusal ve uluslararas\u0131 ba\u015far\u0131lar\u0131yla kendini kan\u0131tlam\u0131\u015f \u015fefler, gurmeler ve yemek yazarlar\u0131 yo\u011fun ilgi g\u00f6stermi\u015ftir. Hatta davet etmek istedi\u011fimiz isimlerden \u00e7ok daha fazlas\u0131 kat\u0131l\u0131m talebinde bulunmu\u015ftur. Ancak bilindi\u011fi \u00fczere bu t\u00fcr etkinlikler ciddi b\u00fct\u00e7e gerektirmektedir. Umuyorum ki \u00f6n\u00fcm\u00fczdeki y\u0131llarda destek\u00e7i firmalar\u0131m\u0131z ve kurumlar\u0131m\u0131z bu \u00f6nemli organizasyonu daha g\u00fc\u00e7l\u00fc sahiplenir. B\u00f6ylece arzu eden t\u00fcm \u015fefleri, gurmeleri ve yemek yazarlar\u0131n\u0131 Van\u2019da a\u011f\u0131rlaman\u0131n gururunu hep birlikte ya\u015far\u0131z.&#8221;<\/p>\n<p>&nbsp;<\/p>\n<p>Van TSO Ba\u015fkan Yard\u0131mc\u0131lar\u0131 Fevzi \u00c7elikta\u015f ve Serdar Balandi ile Sayman \u00dcye Burak G\u00fcltepe\u2019nin de birer konu\u015fma yapt\u0131\u011f\u0131 toplant\u0131, soru-cevap b\u00f6l\u00fcm\u00fcyle son buldu.<\/p>\n","protected":false},"excerpt":{"rendered":"<p>Van Ticaret ve Sanayi Odas\u0131 (Van TSO) taraf\u0131ndan bu y\u0131l 3\u2019\u00fcnc\u00fcs\u00fc d\u00fczenlenecek olan &#8220;Van Gurme ve Gastronomi Fuar\u0131&#8221;n\u0131n lansman\u0131 ger\u00e7ekle\u015ftirildi. &nbsp; Organize Sanayi B\u00f6lgesi Expo Fuar ve Kongre Merkezi\u2019nde 25-28 Eyl\u00fcl tarihlerinde kap\u0131lar\u0131n\u0131 a\u00e7acak olan fuar\u0131n tan\u0131t\u0131m\u0131, Van TSO ev sahipli\u011finde d\u00fczenlenen bas\u0131n toplant\u0131s\u0131yla yap\u0131ld\u0131. Toplant\u0131da, fuar\u0131n bu y\u0131l T\u00fcrkiye\u2019nin farkl\u0131 illerinden \u00e7ok say\u0131da \u00fcnl\u00fc [&hellip;]<\/p>\n","protected":false},"author":1,"featured_media":994,"comment_status":"open","ping_status":"open","sticky":false,"template":"","format":"standard","meta":{"footnotes":""},"categories":[1,15,20,78,4,30],"tags":[236],"class_list":["post-993","post","type-post","status-publish","format-standard","has-post-thumbnail","hentry","category-genel","category-gundem","category-hayat","category-manset","category-van-haber","category-yasam","tag-vanda-gurme-ve-gastronomi-fuari-kapilarini-acmaya-hazirlaniyor"],"_links":{"self":[{"href":"https:\/\/vangoluhaber.com\/index.php\/wp-json\/wp\/v2\/posts\/993","targetHints":{"allow":["GET"]}}],"collection":[{"href":"https:\/\/vangoluhaber.com\/index.php\/wp-json\/wp\/v2\/posts"}],"about":[{"href":"https:\/\/vangoluhaber.com\/index.php\/wp-json\/wp\/v2\/types\/post"}],"author":[{"embeddable":true,"href":"https:\/\/vangoluhaber.com\/index.php\/wp-json\/wp\/v2\/users\/1"}],"replies":[{"embeddable":true,"href":"https:\/\/vangoluhaber.com\/index.php\/wp-json\/wp\/v2\/comments?post=993"}],"version-history":[{"count":1,"href":"https:\/\/vangoluhaber.com\/index.php\/wp-json\/wp\/v2\/posts\/993\/revisions"}],"predecessor-version":[{"id":995,"href":"https:\/\/vangoluhaber.com\/index.php\/wp-json\/wp\/v2\/posts\/993\/revisions\/995"}],"wp:featuredmedia":[{"embeddable":true,"href":"https:\/\/vangoluhaber.com\/index.php\/wp-json\/wp\/v2\/media\/994"}],"wp:attachment":[{"href":"https:\/\/vangoluhaber.com\/index.php\/wp-json\/wp\/v2\/media?parent=993"}],"wp:term":[{"taxonomy":"category","embeddable":true,"href":"https:\/\/vangoluhaber.com\/index.php\/wp-json\/wp\/v2\/categories?post=993"},{"taxonomy":"post_tag","embeddable":true,"href":"https:\/\/vangoluhaber.com\/index.php\/wp-json\/wp\/v2\/tags?post=993"}],"curies":[{"name":"wp","href":"https:\/\/api.w.org\/{rel}","templated":true}]}}