{"id":103,"count":1,"description":"","link":"https:\/\/vangoluhaber.com\/index.php\/tag\/elektrik-faturalarinda-yeni-donem-subat-ayinda-basliyor\/","name":"Elektrik faturalar\u0131nda yeni d\u00f6nem: \u015eubat ay\u0131nda ba\u015fl\u0131yor","slug":"elektrik-faturalarinda-yeni-donem-subat-ayinda-basliyor","taxonomy":"post_tag","meta":[],"_links":{"self":[{"href":"https:\/\/vangoluhaber.com\/index.php\/wp-json\/wp\/v2\/tags\/103","targetHints":{"allow":["GET"]}}],"collection":[{"href":"https:\/\/vangoluhaber.com\/index.php\/wp-json\/wp\/v2\/tags"}],"about":[{"href":"https:\/\/vangoluhaber.com\/index.php\/wp-json\/wp\/v2\/taxonomies\/post_tag"}],"wp:post_type":[{"href":"https:\/\/vangoluhaber.com\/index.php\/wp-json\/wp\/v2\/posts?tags=103"}],"curies":[{"name":"wp","href":"https:\/\/api.w.org\/{rel}","templated":true}]}}