{"id":111,"count":1,"description":"","link":"https:\/\/vangoluhaber.com\/index.php\/tag\/vanda-9-organizator-hakkinda-adli-islem-yapildi\/","name":"Van\u2019da 9 organizat\u00f6r hakk\u0131nda adli i\u015flem yap\u0131ld\u0131","slug":"vanda-9-organizator-hakkinda-adli-islem-yapildi","taxonomy":"post_tag","meta":[],"_links":{"self":[{"href":"https:\/\/vangoluhaber.com\/index.php\/wp-json\/wp\/v2\/tags\/111","targetHints":{"allow":["GET"]}}],"collection":[{"href":"https:\/\/vangoluhaber.com\/index.php\/wp-json\/wp\/v2\/tags"}],"about":[{"href":"https:\/\/vangoluhaber.com\/index.php\/wp-json\/wp\/v2\/taxonomies\/post_tag"}],"wp:post_type":[{"href":"https:\/\/vangoluhaber.com\/index.php\/wp-json\/wp\/v2\/posts?tags=111"}],"curies":[{"name":"wp","href":"https:\/\/api.w.org\/{rel}","templated":true}]}}