{"id":132,"count":1,"description":"","link":"https:\/\/vangoluhaber.com\/index.php\/tag\/bakan-isikhandan-emekli-bayram-ikramiyeleri-ile-ilgili-aciklama\/","name":"Bakan I\u015f\u0131khan'dan emekli bayram ikramiyeleri ile ilgili a\u00e7\u0131klama","slug":"bakan-isikhandan-emekli-bayram-ikramiyeleri-ile-ilgili-aciklama","taxonomy":"post_tag","meta":[],"_links":{"self":[{"href":"https:\/\/vangoluhaber.com\/index.php\/wp-json\/wp\/v2\/tags\/132","targetHints":{"allow":["GET"]}}],"collection":[{"href":"https:\/\/vangoluhaber.com\/index.php\/wp-json\/wp\/v2\/tags"}],"about":[{"href":"https:\/\/vangoluhaber.com\/index.php\/wp-json\/wp\/v2\/taxonomies\/post_tag"}],"wp:post_type":[{"href":"https:\/\/vangoluhaber.com\/index.php\/wp-json\/wp\/v2\/posts?tags=132"}],"curies":[{"name":"wp","href":"https:\/\/api.w.org\/{rel}","templated":true}]}}