{"id":201,"count":1,"description":"","link":"https:\/\/vangoluhaber.com\/index.php\/tag\/bakan-yerlikayanin-katildigi-kura-toreninde-22-bin-45-polisin-atama-ve-yer-degistirmesi-yapildi\/","name":"Bakan Yerlikaya'n\u0131n kat\u0131ld\u0131\u011f\u0131 kura t\u00f6reninde 22 bin 45 polisin atama ve yer de\u011fi\u015ftirmesi yap\u0131ld\u0131","slug":"bakan-yerlikayanin-katildigi-kura-toreninde-22-bin-45-polisin-atama-ve-yer-degistirmesi-yapildi","taxonomy":"post_tag","meta":[],"_links":{"self":[{"href":"https:\/\/vangoluhaber.com\/index.php\/wp-json\/wp\/v2\/tags\/201","targetHints":{"allow":["GET"]}}],"collection":[{"href":"https:\/\/vangoluhaber.com\/index.php\/wp-json\/wp\/v2\/tags"}],"about":[{"href":"https:\/\/vangoluhaber.com\/index.php\/wp-json\/wp\/v2\/taxonomies\/post_tag"}],"wp:post_type":[{"href":"https:\/\/vangoluhaber.com\/index.php\/wp-json\/wp\/v2\/posts?tags=201"}],"curies":[{"name":"wp","href":"https:\/\/api.w.org\/{rel}","templated":true}]}}